{"id":262,"date":"2023-09-14T07:48:35","date_gmt":"2023-09-14T07:48:35","guid":{"rendered":"https:\/\/zilelemaghiaretm.ro\/2023\/?p=262"},"modified":"2023-09-14T07:48:35","modified_gmt":"2023-09-14T07:48:35","slug":"concert-republic","status":"publish","type":"post","link":"https:\/\/zilelemaghiaretm.ro\/2023\/2023\/09\/14\/concert-republic\/","title":{"rendered":"Concert Republic"},"content":{"rendered":"<p><strong>Ora:<\/strong> s\u00e2mb\u0103t\u0103, 20:00-22:00<br \/>\n<strong>Loc de desf\u0103\u0219urare:<\/strong> Pia\u021ba Victoriei, scena principal\u0103<br \/>\n<strong>Organizator:<\/strong> Asocia\u021bia Bastion \u2013 V\u00e1rb\u00e1stya<\/p>\n<p>Rep\u00fcl a b\u00e1lna, Szeretni valakit valami\u00e9rt, Engedj k\u00f6zelebb, Ha itt lenn\u00e9l velem, A 67-es \u00fat, K\u00e9k \u00e9s narancss\u00e1rga, Sz\u00e1llj el kismad\u00e1r&#8230;, amintim doar c\u00e2teva dintre nenum\u0103ratele hituri Republic cu care au crescut genera\u021bii \u00eentregi \u0219i care au f\u0103cut din aceast\u0103 trup\u0103 un bastion indestructibil al culturii pop maghiare.<\/p>\n","protected":false},"excerpt":{"rendered":"<p>Ora: s\u00e2mb\u0103t\u0103, 20:00-22:00 Loc de desf\u0103\u0219urare: Pia\u021ba Victoriei, scena principal\u0103 Organizator: Asocia\u021bia Bastion \u2013 V\u00e1rb\u00e1stya Rep\u00fcl a b\u00e1lna, Szeretni valakit valami\u00e9rt, Engedj k\u00f6zelebb, Ha itt lenn\u00e9l velem, A 67-es \u00fat, K\u00e9k \u00e9s narancss\u00e1rga, Sz\u00e1llj el kismad\u00e1r&#8230;, amintim doar c\u00e2teva dintre nenum\u0103ratele hituri Republic cu care au crescut genera\u021bii \u00eentregi \u0219i care au f\u0103cut din aceast\u0103 [&hellip;]<\/p>\n","protected":false},"author":1,"featured_media":263,"comment_status":"open","ping_status":"open","sticky":false,"template":"","format":"standard","meta":{"footnotes":""},"categories":[1],"tags":[],"class_list":["post-262","post","type-post","status-publish","format-standard","has-post-thumbnail","hentry","category-uncategorized"],"_links":{"self":[{"href":"https:\/\/zilelemaghiaretm.ro\/2023\/wp-json\/wp\/v2\/posts\/262","targetHints":{"allow":["GET"]}}],"collection":[{"href":"https:\/\/zilelemaghiaretm.ro\/2023\/wp-json\/wp\/v2\/posts"}],"about":[{"href":"https:\/\/zilelemaghiaretm.ro\/2023\/wp-json\/wp\/v2\/types\/post"}],"author":[{"embeddable":true,"href":"https:\/\/zilelemaghiaretm.ro\/2023\/wp-json\/wp\/v2\/users\/1"}],"replies":[{"embeddable":true,"href":"https:\/\/zilelemaghiaretm.ro\/2023\/wp-json\/wp\/v2\/comments?post=262"}],"version-history":[{"count":1,"href":"https:\/\/zilelemaghiaretm.ro\/2023\/wp-json\/wp\/v2\/posts\/262\/revisions"}],"predecessor-version":[{"id":264,"href":"https:\/\/zilelemaghiaretm.ro\/2023\/wp-json\/wp\/v2\/posts\/262\/revisions\/264"}],"wp:featuredmedia":[{"embeddable":true,"href":"https:\/\/zilelemaghiaretm.ro\/2023\/wp-json\/wp\/v2\/media\/263"}],"wp:attachment":[{"href":"https:\/\/zilelemaghiaretm.ro\/2023\/wp-json\/wp\/v2\/media?parent=262"}],"wp:term":[{"taxonomy":"category","embeddable":true,"href":"https:\/\/zilelemaghiaretm.ro\/2023\/wp-json\/wp\/v2\/categories?post=262"},{"taxonomy":"post_tag","embeddable":true,"href":"https:\/\/zilelemaghiaretm.ro\/2023\/wp-json\/wp\/v2\/tags?post=262"}],"curies":[{"name":"wp","href":"https:\/\/api.w.org\/{rel}","templated":true}]}}