{"id":306,"date":"2023-09-14T20:34:26","date_gmt":"2023-09-14T20:34:26","guid":{"rendered":"https:\/\/zilelemaghiaretm.ro\/2023\/?p=306"},"modified":"2023-09-14T20:34:26","modified_gmt":"2023-09-14T20:34:26","slug":"a-sosit-cea-de-a-opta-editie-a-zilelor-culturale-maghiare-din-timisoara","status":"publish","type":"post","link":"https:\/\/zilelemaghiaretm.ro\/2023\/2023\/09\/14\/a-sosit-cea-de-a-opta-editie-a-zilelor-culturale-maghiare-din-timisoara\/","title":{"rendered":"A sosit cea de-a opta edi\u021bie a Zilelor Culturale Maghiare din Timi\u0219oara"},"content":{"rendered":"<p>\u00cen acest an, Zilele Culturale Maghiare din Timi\u0219oara vor oferi un program mai variat ca niciodat\u0103. De data aceasta, organizatorii, Asocia\u021bia Bastion, le-au extins durata la cinci zile. \u0218irul de manifest\u0103ri are dou\u0103 obiective principale, pe de o parte, dore\u0219te s\u0103 prezinte valorile comunit\u0103\u021bii maghiare din ora\u0219 prin zeci de evenimente \u00een diferite loca\u021bii, pe de alt\u0103 parte, s\u0103 creeze o oportunitate pentru forma\u021biile, c\u00e2nt\u0103re\u021bii, arti\u0219tii, interpre\u021bii \u0219i expozan\u021bii maghiari din afara t\u0103rii noastre de a anima via\u021ba artistic\u0103 \u0219i public\u0103 deja divers\u0103 \u0219i bogat\u0103 a ora\u0219ului. Sprijinit de programul &#8222;Capitala european\u0103 a culturii&#8221;, evenimentul va oferi experien\u021be pentru toate v\u00e2rstele \u0219i pentru o gam\u0103 larg\u0103 de vizitatori.<\/p>\n<p>S\u0103rb\u0103toarea comun\u0103 a maghiarilor din Timi\u0219oara a \u00eenceput acum \u0219apte ani \u0219i s-a dezvoltat, a crescut \u0219i \u0219i-a creat propriile tradi\u021bii de la an la an. De exemplu, gala de deschidere de la Oper\u0103, atmosfera marilor concerte din Pia\u021ba Operei, T\u00e2rgul din Pia\u021ba Libert\u0103\u021bii sau seria spectaculoas\u0103 de evenimente de recreere istoric\u0103 din parcul Castelului Huniade. Toate acestea vor avea loc \u0219i \u00een acest an. Pe scena principal\u0103 vor urca cei mai buni din genul lor, printre care De\u00e1k Bill Gyula, regele bluesului, Republic, una dintre trupele vedet\u0103 ale anilor &#8217;90, Vincze Lilla, multipl\u0103 c\u00e2\u0219tig\u0103toare EMeRTon, Vintage Dolls, Mariann Falusi \u0219i trio-ul S\u00e1rik P\u00e9ter, precum \u0219i ansamblul de renume mondial Budapest Gipsy Orchestra.<\/p>\n<p>Din nou, \u00eel vom putea asculta pe C\u00e1ri Tibor, iar pe scen\u0103 vor evolua \u0219i tinerii talenta\u021bi muzicieni timi\u0219oreni Sleeping Insomnia \u0219i 8 Lights Minutes. Concertele vor fi \u00eenso\u021bite de jonglerii cu foc, dansatori baroci \u0219i o gal\u0103 spectaculoas\u0103 de dansuri populare \u00een centrul ora\u0219ului, dar vor exista \u0219i programe pentru grupuri mai restr\u00e2nse, cum ar fi lans\u0103ri de carte, discu\u021bii pe teme publice, degust\u0103ri de vin \u0219i proiec\u021bii de film, toate sincronizate pentru a coincide cu weekendul prelungit.<\/p>\n<p>V\u0103 vom \u021bine la curent pe pagina de Facebook a Zilelor Maghiare din Timi\u0219oara \u0219i pe temesvaros.ro, unde pute\u021bi g\u0103si o mul\u021bime de informa\u021bii interesante despre evenimente.<\/p>\n<p>Veni\u021bi al\u0103turi de noi!<\/p>\n","protected":false},"excerpt":{"rendered":"<p>\u00cen acest an, Zilele Culturale Maghiare din Timi\u0219oara vor oferi un program mai variat ca niciodat\u0103. De data aceasta, organizatorii, Asocia\u021bia Bastion, le-au extins durata la cinci zile. \u0218irul de manifest\u0103ri are dou\u0103 obiective principale, pe de o parte, dore\u0219te s\u0103 prezinte valorile comunit\u0103\u021bii maghiare din ora\u0219 prin zeci de evenimente \u00een diferite loca\u021bii, pe [&hellip;]<\/p>\n","protected":false},"author":1,"featured_media":124,"comment_status":"open","ping_status":"open","sticky":false,"template":"","format":"standard","meta":{"footnotes":""},"categories":[1],"tags":[],"class_list":["post-306","post","type-post","status-publish","format-standard","has-post-thumbnail","hentry","category-uncategorized"],"_links":{"self":[{"href":"https:\/\/zilelemaghiaretm.ro\/2023\/wp-json\/wp\/v2\/posts\/306","targetHints":{"allow":["GET"]}}],"collection":[{"href":"https:\/\/zilelemaghiaretm.ro\/2023\/wp-json\/wp\/v2\/posts"}],"about":[{"href":"https:\/\/zilelemaghiaretm.ro\/2023\/wp-json\/wp\/v2\/types\/post"}],"author":[{"embeddable":true,"href":"https:\/\/zilelemaghiaretm.ro\/2023\/wp-json\/wp\/v2\/users\/1"}],"replies":[{"embeddable":true,"href":"https:\/\/zilelemaghiaretm.ro\/2023\/wp-json\/wp\/v2\/comments?post=306"}],"version-history":[{"count":1,"href":"https:\/\/zilelemaghiaretm.ro\/2023\/wp-json\/wp\/v2\/posts\/306\/revisions"}],"predecessor-version":[{"id":307,"href":"https:\/\/zilelemaghiaretm.ro\/2023\/wp-json\/wp\/v2\/posts\/306\/revisions\/307"}],"wp:featuredmedia":[{"embeddable":true,"href":"https:\/\/zilelemaghiaretm.ro\/2023\/wp-json\/wp\/v2\/media\/124"}],"wp:attachment":[{"href":"https:\/\/zilelemaghiaretm.ro\/2023\/wp-json\/wp\/v2\/media?parent=306"}],"wp:term":[{"taxonomy":"category","embeddable":true,"href":"https:\/\/zilelemaghiaretm.ro\/2023\/wp-json\/wp\/v2\/categories?post=306"},{"taxonomy":"post_tag","embeddable":true,"href":"https:\/\/zilelemaghiaretm.ro\/2023\/wp-json\/wp\/v2\/tags?post=306"}],"curies":[{"name":"wp","href":"https:\/\/api.w.org\/{rel}","templated":true}]}}