{"id":308,"date":"2023-09-14T19:24:25","date_gmt":"2023-09-14T17:24:25","guid":{"rendered":"https:\/\/zilelemaghiaretm.ro\/2023\/?p=308"},"modified":"2023-09-14T23:24:56","modified_gmt":"2023-09-14T21:24:56","slug":"fii-verde-cu-noi","status":"publish","type":"post","link":"https:\/\/zilelemaghiaretm.ro\/2023\/2023\/09\/14\/fii-verde-cu-noi\/","title":{"rendered":"FII VERDE CU NOI"},"content":{"rendered":"<p>\u0218i anul acesta continu\u0103 \u00eenverzirea Zilelor Maghiare din Timi\u0219oara. Ac\u021biunea am demarat-o \u00eenc\u0103 \u00een 2019 cu inten\u021bia de a face totul pentru ca evenimentul nostru s\u0103 fie festivalul timi\u0219orean cel mai verde. Acesta nu este un obiectiv u\u0219or de realizat, dac\u0103 \u00eens\u0103 interpre\u021bii, t\u00e2rgove\u021bii, voluntarii fac un efort comun \u0219i colaboreaz\u0103, vom putea reduce semnificativ amprenta ecologic\u0103 a manifesta\u021biei. De aceea adres\u0103m rug\u0103mintea tuturor participan\u021bilor s\u0103 arunce de\u0219eurile doar \u00een locurile amenajate \u00een acest scop. Anul acesta corturile gastronomice vor fi complet ecologice, adic\u0103 nu folosesc niciun fel de plastic sau material derivat, toate ambalajele, farfuriile, tac\u00e2murile vor fi din materiale ecologice.<\/p>\n<p>Pentru reducerea cantit\u0103\u021bii de de\u0219euri plastice, \u0219i \u00een acest an, \u00een corturile de bere se vor folosi pahare de plastic reutilizabile, care cost\u0103 10 lei. Pre\u021bul se va pl\u0103ti o singur\u0103 dat\u0103, iar la finalul evenimentului poate fi p\u0103strat ca suvenir sau returnat cu recuperarea pre\u021bului. \u00cen nou \u00eenfiin\u021bata curte de vinuri vom folosi doar pahare de sticl\u0103. Paharele de vin din sticl\u0103 pot fi achizi\u021bionate la 20 lei at\u00e2t la infocort c\u00e2t \u0219i la pavilonul de vinuri. \u0218i acestea pot fi p\u0103strate sau returnate.<\/p>\n<p>S\u0103 fim ecologici cu efort comun!<\/p>\n<p>Cortul civil<\/p>\n<p>Cortul civil din Pia\u021ba Libert\u0103\u021bii este un loc unde vom avea posibilitatea s\u0103 cunoa\u0219tem ONG-urile locale \u0219i Asocia\u021bia Norvegiano-Maghiar\u0103 (Norsk-Ungarsk Forening). Aici ve\u021bi avea posibilitatea s\u0103 cump\u0103ra\u021bi c\u0103r\u021bi ale autorilor locali, care vor da autografe conform unui program prestabilit. Tot aici pute\u021bi \u00eencerca jocurile Funda\u021biei Integratio despre Timi\u0219oara, zilnic \u00eentre orele 12-14. S\u00e2mb\u0103ta \u0219i duminica, \u00eentre orele 11 \u0219i 18, Cercul de cusut Dork\u00e1sz organizeaz\u0103 ateliere de lucru manual de c\u00e2te o or\u0103.<\/p>\n","protected":false},"excerpt":{"rendered":"<p>\u0218i anul acesta continu\u0103 \u00eenverzirea Zilelor Maghiare din Timi\u0219oara. Ac\u021biunea am demarat-o \u00eenc\u0103 \u00een 2019 cu inten\u021bia de a face totul pentru ca evenimentul nostru s\u0103 fie festivalul timi\u0219orean cel mai verde. Acesta nu este un obiectiv u\u0219or de realizat, dac\u0103 \u00eens\u0103 interpre\u021bii, t\u00e2rgove\u021bii, voluntarii fac un efort comun \u0219i colaboreaz\u0103, vom putea reduce semnificativ [&hellip;]<\/p>\n","protected":false},"author":1,"featured_media":309,"comment_status":"open","ping_status":"open","sticky":false,"template":"","format":"standard","meta":{"footnotes":""},"categories":[1],"tags":[],"class_list":["post-308","post","type-post","status-publish","format-standard","has-post-thumbnail","hentry","category-uncategorized"],"_links":{"self":[{"href":"https:\/\/zilelemaghiaretm.ro\/2023\/wp-json\/wp\/v2\/posts\/308","targetHints":{"allow":["GET"]}}],"collection":[{"href":"https:\/\/zilelemaghiaretm.ro\/2023\/wp-json\/wp\/v2\/posts"}],"about":[{"href":"https:\/\/zilelemaghiaretm.ro\/2023\/wp-json\/wp\/v2\/types\/post"}],"author":[{"embeddable":true,"href":"https:\/\/zilelemaghiaretm.ro\/2023\/wp-json\/wp\/v2\/users\/1"}],"replies":[{"embeddable":true,"href":"https:\/\/zilelemaghiaretm.ro\/2023\/wp-json\/wp\/v2\/comments?post=308"}],"version-history":[{"count":1,"href":"https:\/\/zilelemaghiaretm.ro\/2023\/wp-json\/wp\/v2\/posts\/308\/revisions"}],"predecessor-version":[{"id":310,"href":"https:\/\/zilelemaghiaretm.ro\/2023\/wp-json\/wp\/v2\/posts\/308\/revisions\/310"}],"wp:featuredmedia":[{"embeddable":true,"href":"https:\/\/zilelemaghiaretm.ro\/2023\/wp-json\/wp\/v2\/media\/309"}],"wp:attachment":[{"href":"https:\/\/zilelemaghiaretm.ro\/2023\/wp-json\/wp\/v2\/media?parent=308"}],"wp:term":[{"taxonomy":"category","embeddable":true,"href":"https:\/\/zilelemaghiaretm.ro\/2023\/wp-json\/wp\/v2\/categories?post=308"},{"taxonomy":"post_tag","embeddable":true,"href":"https:\/\/zilelemaghiaretm.ro\/2023\/wp-json\/wp\/v2\/tags?post=308"}],"curies":[{"name":"wp","href":"https:\/\/api.w.org\/{rel}","templated":true}]}}