{"id":106,"date":"2024-09-20T07:53:09","date_gmt":"2024-09-20T05:53:09","guid":{"rendered":"https:\/\/zilelemaghiaretm.ro\/2024\/?p=106"},"modified":"2024-09-20T07:53:10","modified_gmt":"2024-09-20T05:53:10","slug":"concert-nox","status":"publish","type":"post","link":"https:\/\/zilelemaghiaretm.ro\/2024\/concert-nox\/","title":{"rendered":"Concert NOX"},"content":{"rendered":"\n<p><strong>Ziua \u0219i ora:<\/strong> duminic\u0103, 21:00\u201323:00<br><strong>Loca\u021bia:<\/strong> Pia\u021ba Victoriei, Scena mare<br><strong>Organizator:<\/strong> Asocia\u021bia Bastion \u2013 V\u00e1rb\u00e1stya Egyes\u00fclet<br><\/p>\n\n\n\n<p>Forma\u021bia maghiar\u0103 Nox este cunoscut\u0103 pentru combinarea muzicii pop moderne cu influen\u021be tradi\u021bionale maghiare, inclusiv elemente de folclor \u0219i muzic\u0103 popular\u0103. Trupa a fost format\u0103 \u00een 2002 \u0219i a c\u00e2\u0219tigat rapid popularitate \u00een Ungaria datorit\u0103 stilului lor unic \u0219i spectacolelor energice.<br>Cei doi membri principali ai trupei sunt Szilvia P\u00e9ter Szab\u00f3 \u0219i Tam\u00e1s Nagy. Nox a devenit binecunoscut\u0103 \u0219i pe plan interna\u021bional, mai ales dup\u0103 participarea la Eurovision 2005, unde au reprezentat Ungaria cu piesa Forogj, vil\u00e1g!. De\u0219i nu au c\u00e2\u0219tigat competi\u021bia, piesa a fost foarte apreciat\u0103 pentru stilul s\u0103u distinct.<br>Una dintre caracteristicile definitorii ale trupei Nox este utilizarea dansurilor tradi\u021bionale maghiare \u00een coregrafiile lor, ceea ce adaug\u0103 o dimensiune vizual\u0103 puternic\u0103 spectacolelor live. Muzica lor \u00eembin\u0103 sunete moderne de pop \u0219i dance cu ritmuri \u0219i instrumente tradi\u021bionale, precum flautul \u0219i vioara, cre\u00e2nd un amestec interesant \u00eentre trecut \u0219i prezent.<\/p>\n","protected":false},"excerpt":{"rendered":"<p>Ziua \u0219i ora: duminic\u0103, 21:00\u201323:00Loca\u021bia: Pia\u021ba Victoriei, Scena mareOrganizator: Asocia\u021bia Bastion \u2013 V\u00e1rb\u00e1stya Egyes\u00fclet Forma\u021bia maghiar\u0103 Nox este cunoscut\u0103 pentru combinarea muzicii pop moderne cu influen\u021be tradi\u021bionale maghiare, inclusiv elemente de folclor \u0219i muzic\u0103 popular\u0103. Trupa a fost format\u0103 \u00een 2002 \u0219i a c\u00e2\u0219tigat rapid popularitate \u00een Ungaria datorit\u0103 stilului lor unic \u0219i spectacolelor energice.Cei [&hellip;]<\/p>\n","protected":false},"author":1,"featured_media":100,"comment_status":"closed","ping_status":"closed","sticky":false,"template":"","format":"standard","meta":{"footnotes":""},"categories":[1],"tags":[],"class_list":["post-106","post","type-post","status-publish","format-standard","has-post-thumbnail","hentry","category-uncategorized"],"yoast_head":"<!-- This site is optimized with the Yoast SEO plugin v23.4 - https:\/\/yoast.com\/wordpress\/plugins\/seo\/ -->\n<title>Concert NOX - Zilele Culturale Maghiare din Timi\u0219oara, 20-24 septembrie 2023<\/title>\n<meta name=\"robots\" content=\"index, follow, max-snippet:-1, max-image-preview:large, max-video-preview:-1\" \/>\n<link rel=\"canonical\" href=\"https:\/\/zilelemaghiaretm.ro\/2024\/concert-nox\/\" \/>\n<meta property=\"og:locale\" content=\"hu_HU\" \/>\n<meta property=\"og:type\" content=\"article\" \/>\n<meta property=\"og:title\" content=\"Concert NOX - Zilele Culturale Maghiare din Timi\u0219oara, 20-24 septembrie 2023\" \/>\n<meta property=\"og:description\" content=\"Ziua \u0219i ora: duminic\u0103, 21:00\u201323:00Loca\u021bia: Pia\u021ba Victoriei, Scena mareOrganizator: Asocia\u021bia Bastion \u2013 V\u00e1rb\u00e1stya Egyes\u00fclet Forma\u021bia maghiar\u0103 Nox este cunoscut\u0103 pentru combinarea muzicii pop moderne cu influen\u021be tradi\u021bionale maghiare, inclusiv elemente de folclor \u0219i muzic\u0103 popular\u0103. Trupa a fost format\u0103 \u00een 2002 \u0219i a c\u00e2\u0219tigat rapid popularitate \u00een Ungaria datorit\u0103 stilului lor unic \u0219i spectacolelor energice.Cei [&hellip;]\" \/>\n<meta property=\"og:url\" content=\"https:\/\/zilelemaghiaretm.ro\/2024\/concert-nox\/\" \/>\n<meta property=\"og:site_name\" content=\"Zilele Culturale Maghiare din Timi\u0219oara, 20-24 septembrie 2023\" \/>\n<meta property=\"article:published_time\" content=\"2024-09-20T05:53:09+00:00\" \/>\n<meta property=\"article:modified_time\" content=\"2024-09-20T05:53:10+00:00\" \/>\n<meta property=\"og:image\" content=\"https:\/\/zilelemaghiaretm.ro\/2024\/wp-content\/uploads\/2024\/09\/NOX.jpg\" \/>\n\t<meta property=\"og:image:width\" content=\"1920\" \/>\n\t<meta property=\"og:image:height\" content=\"1080\" \/>\n\t<meta property=\"og:image:type\" content=\"image\/jpeg\" \/>\n<meta name=\"author\" content=\"2024ro\" \/>\n<meta name=\"twitter:card\" content=\"summary_large_image\" \/>\n<meta name=\"twitter:label1\" content=\"Szerz\u0151:\" \/>\n\t<meta name=\"twitter:data1\" content=\"2024ro\" \/>\n\t<meta name=\"twitter:label2\" content=\"Becs\u00fclt olvas\u00e1si id\u0151\" \/>\n\t<meta name=\"twitter:data2\" content=\"2 perc\" \/>\n<script type=\"application\/ld+json\" class=\"yoast-schema-graph\">{\"@context\":\"https:\/\/schema.org\",\"@graph\":[{\"@type\":\"WebPage\",\"@id\":\"https:\/\/zilelemaghiaretm.ro\/2024\/concert-nox\/\",\"url\":\"https:\/\/zilelemaghiaretm.ro\/2024\/concert-nox\/\",\"name\":\"Concert NOX - Zilele Culturale Maghiare din Timi\u0219oara, 20-24 septembrie 2023\",\"isPartOf\":{\"@id\":\"https:\/\/zilelemaghiaretm.ro\/2024\/#website\"},\"primaryImageOfPage\":{\"@id\":\"https:\/\/zilelemaghiaretm.ro\/2024\/concert-nox\/#primaryimage\"},\"image\":{\"@id\":\"https:\/\/zilelemaghiaretm.ro\/2024\/concert-nox\/#primaryimage\"},\"thumbnailUrl\":\"https:\/\/zilelemaghiaretm.ro\/2024\/wp-content\/uploads\/2024\/09\/NOX.jpg\",\"datePublished\":\"2024-09-20T05:53:09+00:00\",\"dateModified\":\"2024-09-20T05:53:10+00:00\",\"author\":{\"@id\":\"https:\/\/zilelemaghiaretm.ro\/2024\/#\/schema\/person\/c9b57e609b801a5434e94766926b87b2\"},\"breadcrumb\":{\"@id\":\"https:\/\/zilelemaghiaretm.ro\/2024\/concert-nox\/#breadcrumb\"},\"inLanguage\":\"hu\",\"potentialAction\":[{\"@type\":\"ReadAction\",\"target\":[\"https:\/\/zilelemaghiaretm.ro\/2024\/concert-nox\/\"]}]},{\"@type\":\"ImageObject\",\"inLanguage\":\"hu\",\"@id\":\"https:\/\/zilelemaghiaretm.ro\/2024\/concert-nox\/#primaryimage\",\"url\":\"https:\/\/zilelemaghiaretm.ro\/2024\/wp-content\/uploads\/2024\/09\/NOX.jpg\",\"contentUrl\":\"https:\/\/zilelemaghiaretm.ro\/2024\/wp-content\/uploads\/2024\/09\/NOX.jpg\",\"width\":1920,\"height\":1080},{\"@type\":\"BreadcrumbList\",\"@id\":\"https:\/\/zilelemaghiaretm.ro\/2024\/concert-nox\/#breadcrumb\",\"itemListElement\":[{\"@type\":\"ListItem\",\"position\":1,\"name\":\"Kezd\u0151lap\",\"item\":\"https:\/\/zilelemaghiaretm.ro\/2024\/\"},{\"@type\":\"ListItem\",\"position\":2,\"name\":\"Concert NOX\"}]},{\"@type\":\"WebSite\",\"@id\":\"https:\/\/zilelemaghiaretm.ro\/2024\/#website\",\"url\":\"https:\/\/zilelemaghiaretm.ro\/2024\/\",\"name\":\"Zilele Culturale Maghiare din Timi\u0219oara, 20-24 septembrie 2023\",\"description\":\"\",\"potentialAction\":[{\"@type\":\"SearchAction\",\"target\":{\"@type\":\"EntryPoint\",\"urlTemplate\":\"https:\/\/zilelemaghiaretm.ro\/2024\/?s={search_term_string}\"},\"query-input\":{\"@type\":\"PropertyValueSpecification\",\"valueRequired\":true,\"valueName\":\"search_term_string\"}}],\"inLanguage\":\"hu\"},{\"@type\":\"Person\",\"@id\":\"https:\/\/zilelemaghiaretm.ro\/2024\/#\/schema\/person\/c9b57e609b801a5434e94766926b87b2\",\"name\":\"2024ro\",\"image\":{\"@type\":\"ImageObject\",\"inLanguage\":\"hu\",\"@id\":\"https:\/\/zilelemaghiaretm.ro\/2024\/#\/schema\/person\/image\/\",\"url\":\"https:\/\/secure.gravatar.com\/avatar\/6df8b26fbbf8a4bb316fa9d4501851464a8a761c8ac12484d08132925cac3f18?s=96&d=mm&r=g\",\"contentUrl\":\"https:\/\/secure.gravatar.com\/avatar\/6df8b26fbbf8a4bb316fa9d4501851464a8a761c8ac12484d08132925cac3f18?s=96&d=mm&r=g\",\"caption\":\"2024ro\"},\"sameAs\":[\"https:\/\/zilelemaghiaretm.ro\/2024\"],\"url\":\"https:\/\/zilelemaghiaretm.ro\/2024\/author\/2024ro\/\"}]}<\/script>\n<!-- \/ Yoast SEO plugin. -->","yoast_head_json":{"title":"Concert NOX - Zilele Culturale Maghiare din Timi\u0219oara, 20-24 septembrie 2023","robots":{"index":"index","follow":"follow","max-snippet":"max-snippet:-1","max-image-preview":"max-image-preview:large","max-video-preview":"max-video-preview:-1"},"canonical":"https:\/\/zilelemaghiaretm.ro\/2024\/concert-nox\/","og_locale":"hu_HU","og_type":"article","og_title":"Concert NOX - Zilele Culturale Maghiare din Timi\u0219oara, 20-24 septembrie 2023","og_description":"Ziua \u0219i ora: duminic\u0103, 21:00\u201323:00Loca\u021bia: Pia\u021ba Victoriei, Scena mareOrganizator: Asocia\u021bia Bastion \u2013 V\u00e1rb\u00e1stya Egyes\u00fclet Forma\u021bia maghiar\u0103 Nox este cunoscut\u0103 pentru combinarea muzicii pop moderne cu influen\u021be tradi\u021bionale maghiare, inclusiv elemente de folclor \u0219i muzic\u0103 popular\u0103. Trupa a fost format\u0103 \u00een 2002 \u0219i a c\u00e2\u0219tigat rapid popularitate \u00een Ungaria datorit\u0103 stilului lor unic \u0219i spectacolelor energice.Cei [&hellip;]","og_url":"https:\/\/zilelemaghiaretm.ro\/2024\/concert-nox\/","og_site_name":"Zilele Culturale Maghiare din Timi\u0219oara, 20-24 septembrie 2023","article_published_time":"2024-09-20T05:53:09+00:00","article_modified_time":"2024-09-20T05:53:10+00:00","og_image":[{"width":1920,"height":1080,"url":"https:\/\/zilelemaghiaretm.ro\/2024\/wp-content\/uploads\/2024\/09\/NOX.jpg","type":"image\/jpeg"}],"author":"2024ro","twitter_card":"summary_large_image","twitter_misc":{"Szerz\u0151:":"2024ro","Becs\u00fclt olvas\u00e1si id\u0151":"2 perc"},"schema":{"@context":"https:\/\/schema.org","@graph":[{"@type":"WebPage","@id":"https:\/\/zilelemaghiaretm.ro\/2024\/concert-nox\/","url":"https:\/\/zilelemaghiaretm.ro\/2024\/concert-nox\/","name":"Concert NOX - Zilele Culturale Maghiare din Timi\u0219oara, 20-24 septembrie 2023","isPartOf":{"@id":"https:\/\/zilelemaghiaretm.ro\/2024\/#website"},"primaryImageOfPage":{"@id":"https:\/\/zilelemaghiaretm.ro\/2024\/concert-nox\/#primaryimage"},"image":{"@id":"https:\/\/zilelemaghiaretm.ro\/2024\/concert-nox\/#primaryimage"},"thumbnailUrl":"https:\/\/zilelemaghiaretm.ro\/2024\/wp-content\/uploads\/2024\/09\/NOX.jpg","datePublished":"2024-09-20T05:53:09+00:00","dateModified":"2024-09-20T05:53:10+00:00","author":{"@id":"https:\/\/zilelemaghiaretm.ro\/2024\/#\/schema\/person\/c9b57e609b801a5434e94766926b87b2"},"breadcrumb":{"@id":"https:\/\/zilelemaghiaretm.ro\/2024\/concert-nox\/#breadcrumb"},"inLanguage":"hu","potentialAction":[{"@type":"ReadAction","target":["https:\/\/zilelemaghiaretm.ro\/2024\/concert-nox\/"]}]},{"@type":"ImageObject","inLanguage":"hu","@id":"https:\/\/zilelemaghiaretm.ro\/2024\/concert-nox\/#primaryimage","url":"https:\/\/zilelemaghiaretm.ro\/2024\/wp-content\/uploads\/2024\/09\/NOX.jpg","contentUrl":"https:\/\/zilelemaghiaretm.ro\/2024\/wp-content\/uploads\/2024\/09\/NOX.jpg","width":1920,"height":1080},{"@type":"BreadcrumbList","@id":"https:\/\/zilelemaghiaretm.ro\/2024\/concert-nox\/#breadcrumb","itemListElement":[{"@type":"ListItem","position":1,"name":"Kezd\u0151lap","item":"https:\/\/zilelemaghiaretm.ro\/2024\/"},{"@type":"ListItem","position":2,"name":"Concert NOX"}]},{"@type":"WebSite","@id":"https:\/\/zilelemaghiaretm.ro\/2024\/#website","url":"https:\/\/zilelemaghiaretm.ro\/2024\/","name":"Zilele Culturale Maghiare din Timi\u0219oara, 20-24 septembrie 2023","description":"","potentialAction":[{"@type":"SearchAction","target":{"@type":"EntryPoint","urlTemplate":"https:\/\/zilelemaghiaretm.ro\/2024\/?s={search_term_string}"},"query-input":{"@type":"PropertyValueSpecification","valueRequired":true,"valueName":"search_term_string"}}],"inLanguage":"hu"},{"@type":"Person","@id":"https:\/\/zilelemaghiaretm.ro\/2024\/#\/schema\/person\/c9b57e609b801a5434e94766926b87b2","name":"2024ro","image":{"@type":"ImageObject","inLanguage":"hu","@id":"https:\/\/zilelemaghiaretm.ro\/2024\/#\/schema\/person\/image\/","url":"https:\/\/secure.gravatar.com\/avatar\/6df8b26fbbf8a4bb316fa9d4501851464a8a761c8ac12484d08132925cac3f18?s=96&d=mm&r=g","contentUrl":"https:\/\/secure.gravatar.com\/avatar\/6df8b26fbbf8a4bb316fa9d4501851464a8a761c8ac12484d08132925cac3f18?s=96&d=mm&r=g","caption":"2024ro"},"sameAs":["https:\/\/zilelemaghiaretm.ro\/2024"],"url":"https:\/\/zilelemaghiaretm.ro\/2024\/author\/2024ro\/"}]}},"_links":{"self":[{"href":"https:\/\/zilelemaghiaretm.ro\/2024\/wp-json\/wp\/v2\/posts\/106","targetHints":{"allow":["GET"]}}],"collection":[{"href":"https:\/\/zilelemaghiaretm.ro\/2024\/wp-json\/wp\/v2\/posts"}],"about":[{"href":"https:\/\/zilelemaghiaretm.ro\/2024\/wp-json\/wp\/v2\/types\/post"}],"author":[{"embeddable":true,"href":"https:\/\/zilelemaghiaretm.ro\/2024\/wp-json\/wp\/v2\/users\/1"}],"replies":[{"embeddable":true,"href":"https:\/\/zilelemaghiaretm.ro\/2024\/wp-json\/wp\/v2\/comments?post=106"}],"version-history":[{"count":1,"href":"https:\/\/zilelemaghiaretm.ro\/2024\/wp-json\/wp\/v2\/posts\/106\/revisions"}],"predecessor-version":[{"id":107,"href":"https:\/\/zilelemaghiaretm.ro\/2024\/wp-json\/wp\/v2\/posts\/106\/revisions\/107"}],"wp:featuredmedia":[{"embeddable":true,"href":"https:\/\/zilelemaghiaretm.ro\/2024\/wp-json\/wp\/v2\/media\/100"}],"wp:attachment":[{"href":"https:\/\/zilelemaghiaretm.ro\/2024\/wp-json\/wp\/v2\/media?parent=106"}],"wp:term":[{"taxonomy":"category","embeddable":true,"href":"https:\/\/zilelemaghiaretm.ro\/2024\/wp-json\/wp\/v2\/categories?post=106"},{"taxonomy":"post_tag","embeddable":true,"href":"https:\/\/zilelemaghiaretm.ro\/2024\/wp-json\/wp\/v2\/tags?post=106"}],"curies":[{"name":"wp","href":"https:\/\/api.w.org\/{rel}","templated":true}]}}