{"id":108,"date":"2024-09-20T07:56:29","date_gmt":"2024-09-20T05:56:29","guid":{"rendered":"https:\/\/zilelemaghiaretm.ro\/2024\/?p=108"},"modified":"2024-09-20T07:56:30","modified_gmt":"2024-09-20T05:56:30","slug":"concert-margaret-island","status":"publish","type":"post","link":"https:\/\/zilelemaghiaretm.ro\/2024\/concert-margaret-island\/","title":{"rendered":"Concert Margaret Island"},"content":{"rendered":"\n<p><strong>Ziua \u0219i ora: <\/strong>s\u00e2mb\u0103t\u0103, 21:00\u201323:00<br><strong>Loca\u021bia:<\/strong> Pia\u021ba Victoriei, Scena mare<br><strong>Organizator: <\/strong>Asocia\u021bia Bastion \u2013 V\u00e1rb\u00e1stya Egyes\u00fclet<\/p>\n\n\n\n<p>\u00cen 2024 Margaret Island \u00ee\u0219i s\u0103rb\u0103tore\u0219te cea de-a 10-a aniversare cu evenimente importante \u0219i un nou album care ap\u0103rut \u00een aprilie! Datorit\u0103 muzicii lor pop pozitive \u0219i provocatoare \u0219i interpret\u0103rii explozive \u0219i energice, publicul a \u00eendr\u0103git rapid trupa Margaret Island din Fony\u00f3d. Grupul, fondat de Viki L\u00e1bas, B\u00e1lint F\u00fcst\u00f6s \u0219i Krist\u00f3f T\u00f6r\u0151csik, este autorul unor hituri lansate \u00eencep\u00e2nd cu 2016, precum Es\u0151, H\u00f3vir\u00e1g, Veled minden, Nem volt\u00e1l j\u00f3, H\u00e1zsz\u00e1m \u0219i Valahol.<br>Membrii: Viki L\u00e1bas \u2013 voce, B\u00e1lint F\u00fcst\u00f6s \u2013 chitar\u0103, Krist\u00f3f T\u00f6r\u0151csik \u2013 chitar\u0103 bas, Tam\u00e1s Ver\u00f3k \u2013 chitar\u0103, Norbert Bejan \u2013 clape, P\u00e9ter Kasz\u00e1s \u2013 tobe, Bertalan Bertalan \u2013 percu\u021bie<\/p>\n","protected":false},"excerpt":{"rendered":"<p>Ziua \u0219i ora: s\u00e2mb\u0103t\u0103, 21:00\u201323:00Loca\u021bia: Pia\u021ba Victoriei, Scena mareOrganizator: Asocia\u021bia Bastion \u2013 V\u00e1rb\u00e1stya Egyes\u00fclet \u00cen 2024 Margaret Island \u00ee\u0219i s\u0103rb\u0103tore\u0219te cea de-a 10-a aniversare cu evenimente importante \u0219i un nou album care ap\u0103rut \u00een aprilie! Datorit\u0103 muzicii lor pop pozitive \u0219i provocatoare \u0219i interpret\u0103rii explozive \u0219i energice, publicul a \u00eendr\u0103git rapid trupa Margaret Island din [&hellip;]<\/p>\n","protected":false},"author":1,"featured_media":99,"comment_status":"closed","ping_status":"closed","sticky":false,"template":"","format":"standard","meta":{"footnotes":""},"categories":[1],"tags":[],"class_list":["post-108","post","type-post","status-publish","format-standard","has-post-thumbnail","hentry","category-uncategorized"],"yoast_head":"<!-- This site is optimized with the Yoast SEO plugin v23.4 - https:\/\/yoast.com\/wordpress\/plugins\/seo\/ -->\n<title>Concert Margaret Island - Zilele Culturale Maghiare din Timi\u0219oara, 20-24 septembrie 2023<\/title>\n<meta name=\"robots\" content=\"index, follow, max-snippet:-1, max-image-preview:large, max-video-preview:-1\" \/>\n<link rel=\"canonical\" href=\"https:\/\/zilelemaghiaretm.ro\/2024\/concert-margaret-island\/\" \/>\n<meta property=\"og:locale\" content=\"hu_HU\" \/>\n<meta property=\"og:type\" content=\"article\" \/>\n<meta property=\"og:title\" content=\"Concert Margaret Island - Zilele Culturale Maghiare din Timi\u0219oara, 20-24 septembrie 2023\" \/>\n<meta property=\"og:description\" content=\"Ziua \u0219i ora: s\u00e2mb\u0103t\u0103, 21:00\u201323:00Loca\u021bia: Pia\u021ba Victoriei, Scena mareOrganizator: Asocia\u021bia Bastion \u2013 V\u00e1rb\u00e1stya Egyes\u00fclet \u00cen 2024 Margaret Island \u00ee\u0219i s\u0103rb\u0103tore\u0219te cea de-a 10-a aniversare cu evenimente importante \u0219i un nou album care ap\u0103rut \u00een aprilie! Datorit\u0103 muzicii lor pop pozitive \u0219i provocatoare \u0219i interpret\u0103rii explozive \u0219i energice, publicul a \u00eendr\u0103git rapid trupa Margaret Island din [&hellip;]\" \/>\n<meta property=\"og:url\" content=\"https:\/\/zilelemaghiaretm.ro\/2024\/concert-margaret-island\/\" \/>\n<meta property=\"og:site_name\" content=\"Zilele Culturale Maghiare din Timi\u0219oara, 20-24 septembrie 2023\" \/>\n<meta property=\"article:published_time\" content=\"2024-09-20T05:56:29+00:00\" \/>\n<meta property=\"article:modified_time\" content=\"2024-09-20T05:56:30+00:00\" \/>\n<meta property=\"og:image\" content=\"https:\/\/zilelemaghiaretm.ro\/2024\/wp-content\/uploads\/2024\/09\/Margaret-Island.jpg\" \/>\n\t<meta property=\"og:image:width\" content=\"1920\" \/>\n\t<meta property=\"og:image:height\" content=\"1080\" \/>\n\t<meta property=\"og:image:type\" content=\"image\/jpeg\" \/>\n<meta name=\"author\" content=\"2024ro\" \/>\n<meta name=\"twitter:card\" content=\"summary_large_image\" \/>\n<meta name=\"twitter:label1\" content=\"Szerz\u0151:\" \/>\n\t<meta name=\"twitter:data1\" content=\"2024ro\" \/>\n\t<meta name=\"twitter:label2\" content=\"Becs\u00fclt olvas\u00e1si id\u0151\" \/>\n\t<meta name=\"twitter:data2\" content=\"1 perc\" \/>\n<script type=\"application\/ld+json\" class=\"yoast-schema-graph\">{\"@context\":\"https:\/\/schema.org\",\"@graph\":[{\"@type\":\"WebPage\",\"@id\":\"https:\/\/zilelemaghiaretm.ro\/2024\/concert-margaret-island\/\",\"url\":\"https:\/\/zilelemaghiaretm.ro\/2024\/concert-margaret-island\/\",\"name\":\"Concert Margaret Island - Zilele Culturale Maghiare din Timi\u0219oara, 20-24 septembrie 2023\",\"isPartOf\":{\"@id\":\"https:\/\/zilelemaghiaretm.ro\/2024\/#website\"},\"primaryImageOfPage\":{\"@id\":\"https:\/\/zilelemaghiaretm.ro\/2024\/concert-margaret-island\/#primaryimage\"},\"image\":{\"@id\":\"https:\/\/zilelemaghiaretm.ro\/2024\/concert-margaret-island\/#primaryimage\"},\"thumbnailUrl\":\"https:\/\/zilelemaghiaretm.ro\/2024\/wp-content\/uploads\/2024\/09\/Margaret-Island.jpg\",\"datePublished\":\"2024-09-20T05:56:29+00:00\",\"dateModified\":\"2024-09-20T05:56:30+00:00\",\"author\":{\"@id\":\"https:\/\/zilelemaghiaretm.ro\/2024\/#\/schema\/person\/c9b57e609b801a5434e94766926b87b2\"},\"breadcrumb\":{\"@id\":\"https:\/\/zilelemaghiaretm.ro\/2024\/concert-margaret-island\/#breadcrumb\"},\"inLanguage\":\"hu\",\"potentialAction\":[{\"@type\":\"ReadAction\",\"target\":[\"https:\/\/zilelemaghiaretm.ro\/2024\/concert-margaret-island\/\"]}]},{\"@type\":\"ImageObject\",\"inLanguage\":\"hu\",\"@id\":\"https:\/\/zilelemaghiaretm.ro\/2024\/concert-margaret-island\/#primaryimage\",\"url\":\"https:\/\/zilelemaghiaretm.ro\/2024\/wp-content\/uploads\/2024\/09\/Margaret-Island.jpg\",\"contentUrl\":\"https:\/\/zilelemaghiaretm.ro\/2024\/wp-content\/uploads\/2024\/09\/Margaret-Island.jpg\",\"width\":1920,\"height\":1080},{\"@type\":\"BreadcrumbList\",\"@id\":\"https:\/\/zilelemaghiaretm.ro\/2024\/concert-margaret-island\/#breadcrumb\",\"itemListElement\":[{\"@type\":\"ListItem\",\"position\":1,\"name\":\"Kezd\u0151lap\",\"item\":\"https:\/\/zilelemaghiaretm.ro\/2024\/\"},{\"@type\":\"ListItem\",\"position\":2,\"name\":\"Concert Margaret Island\"}]},{\"@type\":\"WebSite\",\"@id\":\"https:\/\/zilelemaghiaretm.ro\/2024\/#website\",\"url\":\"https:\/\/zilelemaghiaretm.ro\/2024\/\",\"name\":\"Zilele Culturale Maghiare din Timi\u0219oara, 20-24 septembrie 2023\",\"description\":\"\",\"potentialAction\":[{\"@type\":\"SearchAction\",\"target\":{\"@type\":\"EntryPoint\",\"urlTemplate\":\"https:\/\/zilelemaghiaretm.ro\/2024\/?s={search_term_string}\"},\"query-input\":{\"@type\":\"PropertyValueSpecification\",\"valueRequired\":true,\"valueName\":\"search_term_string\"}}],\"inLanguage\":\"hu\"},{\"@type\":\"Person\",\"@id\":\"https:\/\/zilelemaghiaretm.ro\/2024\/#\/schema\/person\/c9b57e609b801a5434e94766926b87b2\",\"name\":\"2024ro\",\"image\":{\"@type\":\"ImageObject\",\"inLanguage\":\"hu\",\"@id\":\"https:\/\/zilelemaghiaretm.ro\/2024\/#\/schema\/person\/image\/\",\"url\":\"https:\/\/secure.gravatar.com\/avatar\/6df8b26fbbf8a4bb316fa9d4501851464a8a761c8ac12484d08132925cac3f18?s=96&d=mm&r=g\",\"contentUrl\":\"https:\/\/secure.gravatar.com\/avatar\/6df8b26fbbf8a4bb316fa9d4501851464a8a761c8ac12484d08132925cac3f18?s=96&d=mm&r=g\",\"caption\":\"2024ro\"},\"sameAs\":[\"https:\/\/zilelemaghiaretm.ro\/2024\"],\"url\":\"https:\/\/zilelemaghiaretm.ro\/2024\/author\/2024ro\/\"}]}<\/script>\n<!-- \/ Yoast SEO plugin. -->","yoast_head_json":{"title":"Concert Margaret Island - Zilele Culturale Maghiare din Timi\u0219oara, 20-24 septembrie 2023","robots":{"index":"index","follow":"follow","max-snippet":"max-snippet:-1","max-image-preview":"max-image-preview:large","max-video-preview":"max-video-preview:-1"},"canonical":"https:\/\/zilelemaghiaretm.ro\/2024\/concert-margaret-island\/","og_locale":"hu_HU","og_type":"article","og_title":"Concert Margaret Island - Zilele Culturale Maghiare din Timi\u0219oara, 20-24 septembrie 2023","og_description":"Ziua \u0219i ora: s\u00e2mb\u0103t\u0103, 21:00\u201323:00Loca\u021bia: Pia\u021ba Victoriei, Scena mareOrganizator: Asocia\u021bia Bastion \u2013 V\u00e1rb\u00e1stya Egyes\u00fclet \u00cen 2024 Margaret Island \u00ee\u0219i s\u0103rb\u0103tore\u0219te cea de-a 10-a aniversare cu evenimente importante \u0219i un nou album care ap\u0103rut \u00een aprilie! Datorit\u0103 muzicii lor pop pozitive \u0219i provocatoare \u0219i interpret\u0103rii explozive \u0219i energice, publicul a \u00eendr\u0103git rapid trupa Margaret Island din [&hellip;]","og_url":"https:\/\/zilelemaghiaretm.ro\/2024\/concert-margaret-island\/","og_site_name":"Zilele Culturale Maghiare din Timi\u0219oara, 20-24 septembrie 2023","article_published_time":"2024-09-20T05:56:29+00:00","article_modified_time":"2024-09-20T05:56:30+00:00","og_image":[{"width":1920,"height":1080,"url":"https:\/\/zilelemaghiaretm.ro\/2024\/wp-content\/uploads\/2024\/09\/Margaret-Island.jpg","type":"image\/jpeg"}],"author":"2024ro","twitter_card":"summary_large_image","twitter_misc":{"Szerz\u0151:":"2024ro","Becs\u00fclt olvas\u00e1si id\u0151":"1 perc"},"schema":{"@context":"https:\/\/schema.org","@graph":[{"@type":"WebPage","@id":"https:\/\/zilelemaghiaretm.ro\/2024\/concert-margaret-island\/","url":"https:\/\/zilelemaghiaretm.ro\/2024\/concert-margaret-island\/","name":"Concert Margaret Island - Zilele Culturale Maghiare din Timi\u0219oara, 20-24 septembrie 2023","isPartOf":{"@id":"https:\/\/zilelemaghiaretm.ro\/2024\/#website"},"primaryImageOfPage":{"@id":"https:\/\/zilelemaghiaretm.ro\/2024\/concert-margaret-island\/#primaryimage"},"image":{"@id":"https:\/\/zilelemaghiaretm.ro\/2024\/concert-margaret-island\/#primaryimage"},"thumbnailUrl":"https:\/\/zilelemaghiaretm.ro\/2024\/wp-content\/uploads\/2024\/09\/Margaret-Island.jpg","datePublished":"2024-09-20T05:56:29+00:00","dateModified":"2024-09-20T05:56:30+00:00","author":{"@id":"https:\/\/zilelemaghiaretm.ro\/2024\/#\/schema\/person\/c9b57e609b801a5434e94766926b87b2"},"breadcrumb":{"@id":"https:\/\/zilelemaghiaretm.ro\/2024\/concert-margaret-island\/#breadcrumb"},"inLanguage":"hu","potentialAction":[{"@type":"ReadAction","target":["https:\/\/zilelemaghiaretm.ro\/2024\/concert-margaret-island\/"]}]},{"@type":"ImageObject","inLanguage":"hu","@id":"https:\/\/zilelemaghiaretm.ro\/2024\/concert-margaret-island\/#primaryimage","url":"https:\/\/zilelemaghiaretm.ro\/2024\/wp-content\/uploads\/2024\/09\/Margaret-Island.jpg","contentUrl":"https:\/\/zilelemaghiaretm.ro\/2024\/wp-content\/uploads\/2024\/09\/Margaret-Island.jpg","width":1920,"height":1080},{"@type":"BreadcrumbList","@id":"https:\/\/zilelemaghiaretm.ro\/2024\/concert-margaret-island\/#breadcrumb","itemListElement":[{"@type":"ListItem","position":1,"name":"Kezd\u0151lap","item":"https:\/\/zilelemaghiaretm.ro\/2024\/"},{"@type":"ListItem","position":2,"name":"Concert Margaret Island"}]},{"@type":"WebSite","@id":"https:\/\/zilelemaghiaretm.ro\/2024\/#website","url":"https:\/\/zilelemaghiaretm.ro\/2024\/","name":"Zilele Culturale Maghiare din Timi\u0219oara, 20-24 septembrie 2023","description":"","potentialAction":[{"@type":"SearchAction","target":{"@type":"EntryPoint","urlTemplate":"https:\/\/zilelemaghiaretm.ro\/2024\/?s={search_term_string}"},"query-input":{"@type":"PropertyValueSpecification","valueRequired":true,"valueName":"search_term_string"}}],"inLanguage":"hu"},{"@type":"Person","@id":"https:\/\/zilelemaghiaretm.ro\/2024\/#\/schema\/person\/c9b57e609b801a5434e94766926b87b2","name":"2024ro","image":{"@type":"ImageObject","inLanguage":"hu","@id":"https:\/\/zilelemaghiaretm.ro\/2024\/#\/schema\/person\/image\/","url":"https:\/\/secure.gravatar.com\/avatar\/6df8b26fbbf8a4bb316fa9d4501851464a8a761c8ac12484d08132925cac3f18?s=96&d=mm&r=g","contentUrl":"https:\/\/secure.gravatar.com\/avatar\/6df8b26fbbf8a4bb316fa9d4501851464a8a761c8ac12484d08132925cac3f18?s=96&d=mm&r=g","caption":"2024ro"},"sameAs":["https:\/\/zilelemaghiaretm.ro\/2024"],"url":"https:\/\/zilelemaghiaretm.ro\/2024\/author\/2024ro\/"}]}},"_links":{"self":[{"href":"https:\/\/zilelemaghiaretm.ro\/2024\/wp-json\/wp\/v2\/posts\/108","targetHints":{"allow":["GET"]}}],"collection":[{"href":"https:\/\/zilelemaghiaretm.ro\/2024\/wp-json\/wp\/v2\/posts"}],"about":[{"href":"https:\/\/zilelemaghiaretm.ro\/2024\/wp-json\/wp\/v2\/types\/post"}],"author":[{"embeddable":true,"href":"https:\/\/zilelemaghiaretm.ro\/2024\/wp-json\/wp\/v2\/users\/1"}],"replies":[{"embeddable":true,"href":"https:\/\/zilelemaghiaretm.ro\/2024\/wp-json\/wp\/v2\/comments?post=108"}],"version-history":[{"count":1,"href":"https:\/\/zilelemaghiaretm.ro\/2024\/wp-json\/wp\/v2\/posts\/108\/revisions"}],"predecessor-version":[{"id":109,"href":"https:\/\/zilelemaghiaretm.ro\/2024\/wp-json\/wp\/v2\/posts\/108\/revisions\/109"}],"wp:featuredmedia":[{"embeddable":true,"href":"https:\/\/zilelemaghiaretm.ro\/2024\/wp-json\/wp\/v2\/media\/99"}],"wp:attachment":[{"href":"https:\/\/zilelemaghiaretm.ro\/2024\/wp-json\/wp\/v2\/media?parent=108"}],"wp:term":[{"taxonomy":"category","embeddable":true,"href":"https:\/\/zilelemaghiaretm.ro\/2024\/wp-json\/wp\/v2\/categories?post=108"},{"taxonomy":"post_tag","embeddable":true,"href":"https:\/\/zilelemaghiaretm.ro\/2024\/wp-json\/wp\/v2\/tags?post=108"}],"curies":[{"name":"wp","href":"https:\/\/api.w.org\/{rel}","templated":true}]}}