{"id":112,"date":"2024-09-20T07:58:54","date_gmt":"2024-09-20T05:58:54","guid":{"rendered":"https:\/\/zilelemaghiaretm.ro\/2024\/?p=112"},"modified":"2024-09-20T07:58:55","modified_gmt":"2024-09-20T05:58:55","slug":"gala-de-deschidere-si-concertul-formatiei-csik","status":"publish","type":"post","link":"https:\/\/zilelemaghiaretm.ro\/2024\/gala-de-deschidere-si-concertul-formatiei-csik\/","title":{"rendered":"Gala de deschidere \u0219i concertul Forma\u021biei Cs\u00edk"},"content":{"rendered":"\n<p><strong>Ziua \u0219i ora:<\/strong> joi, 18:00\u201321:00<br><strong>Loca\u021bia:<\/strong> Pia\u021ba Victoriei, Scena mare<br><strong>Organizator: <\/strong>Asocia\u021bia Bastion \u2013 V\u00e1rb\u00e1stya Egyes\u00fclet<\/p>\n\n\n\n<p>Pu\u021bine trupe pot spune c\u0103 au existat \u0219i au lucrat mai bine de 35 de ani cu o energie ne\u00eentrerupt\u0103, ignor\u00e2nd trecerea timpului \u0219i a diferitelor curent, dep\u0103\u0219ind dificult\u0103\u021bile \u0219i gestion\u00e2nd succesele cu pricepere.<br>Ei bine, aceasta este Forma\u021bia Cs\u00edk.<br>\u00cen spectacolele noastre viitoare, \u00een noile piese ducem mai departe universul nostru muzical exigent \u0219i divers, iubit de publicul nostru, evoc\u00e2nd \u00een acela\u0219i timp acele compozi\u021bii vechi \u0219i frumoase care \u0219i-au l\u0103sat amprenta nu numai \u00een inimile \u0219i \u00een sufletele publicului nostru, ci \u0219i \u00een paleta muzical\u0103 maghiar\u0103 a ultimelor decenii.<\/p>\n","protected":false},"excerpt":{"rendered":"<p>Ziua \u0219i ora: joi, 18:00\u201321:00Loca\u021bia: Pia\u021ba Victoriei, Scena mareOrganizator: Asocia\u021bia Bastion \u2013 V\u00e1rb\u00e1stya Egyes\u00fclet Pu\u021bine trupe pot spune c\u0103 au existat \u0219i au lucrat mai bine de 35 de ani cu o energie ne\u00eentrerupt\u0103, ignor\u00e2nd trecerea timpului \u0219i a diferitelor curent, dep\u0103\u0219ind dificult\u0103\u021bile \u0219i gestion\u00e2nd succesele cu pricepere.Ei bine, aceasta este Forma\u021bia Cs\u00edk.\u00cen spectacolele noastre [&hellip;]<\/p>\n","protected":false},"author":1,"featured_media":98,"comment_status":"closed","ping_status":"closed","sticky":false,"template":"","format":"standard","meta":{"footnotes":""},"categories":[1],"tags":[],"class_list":["post-112","post","type-post","status-publish","format-standard","has-post-thumbnail","hentry","category-uncategorized"],"yoast_head":"<!-- This site is optimized with the Yoast SEO plugin v23.4 - https:\/\/yoast.com\/wordpress\/plugins\/seo\/ -->\n<title>Gala de deschidere \u0219i concertul Forma\u021biei Cs\u00edk - Zilele Culturale Maghiare din Timi\u0219oara, 20-24 septembrie 2023<\/title>\n<meta name=\"robots\" content=\"index, follow, max-snippet:-1, max-image-preview:large, max-video-preview:-1\" \/>\n<link rel=\"canonical\" href=\"https:\/\/zilelemaghiaretm.ro\/2024\/gala-de-deschidere-si-concertul-formatiei-csik\/\" \/>\n<meta property=\"og:locale\" content=\"hu_HU\" \/>\n<meta property=\"og:type\" content=\"article\" \/>\n<meta property=\"og:title\" content=\"Gala de deschidere \u0219i concertul Forma\u021biei Cs\u00edk - Zilele Culturale Maghiare din Timi\u0219oara, 20-24 septembrie 2023\" \/>\n<meta property=\"og:description\" content=\"Ziua \u0219i ora: joi, 18:00\u201321:00Loca\u021bia: Pia\u021ba Victoriei, Scena mareOrganizator: Asocia\u021bia Bastion \u2013 V\u00e1rb\u00e1stya Egyes\u00fclet Pu\u021bine trupe pot spune c\u0103 au existat \u0219i au lucrat mai bine de 35 de ani cu o energie ne\u00eentrerupt\u0103, ignor\u00e2nd trecerea timpului \u0219i a diferitelor curent, dep\u0103\u0219ind dificult\u0103\u021bile \u0219i gestion\u00e2nd succesele cu pricepere.Ei bine, aceasta este Forma\u021bia Cs\u00edk.\u00cen spectacolele noastre [&hellip;]\" \/>\n<meta property=\"og:url\" content=\"https:\/\/zilelemaghiaretm.ro\/2024\/gala-de-deschidere-si-concertul-formatiei-csik\/\" \/>\n<meta property=\"og:site_name\" content=\"Zilele Culturale Maghiare din Timi\u0219oara, 20-24 septembrie 2023\" \/>\n<meta property=\"article:published_time\" content=\"2024-09-20T05:58:54+00:00\" \/>\n<meta property=\"article:modified_time\" content=\"2024-09-20T05:58:55+00:00\" \/>\n<meta property=\"og:image\" content=\"https:\/\/zilelemaghiaretm.ro\/2024\/wp-content\/uploads\/2024\/09\/Csik-Zenekar.jpg\" \/>\n\t<meta property=\"og:image:width\" content=\"1920\" \/>\n\t<meta property=\"og:image:height\" content=\"1080\" \/>\n\t<meta property=\"og:image:type\" content=\"image\/jpeg\" \/>\n<meta name=\"author\" content=\"2024ro\" \/>\n<meta name=\"twitter:card\" content=\"summary_large_image\" \/>\n<meta name=\"twitter:label1\" content=\"Szerz\u0151:\" \/>\n\t<meta name=\"twitter:data1\" content=\"2024ro\" \/>\n\t<meta name=\"twitter:label2\" content=\"Becs\u00fclt olvas\u00e1si id\u0151\" \/>\n\t<meta name=\"twitter:data2\" content=\"1 perc\" \/>\n<script type=\"application\/ld+json\" class=\"yoast-schema-graph\">{\"@context\":\"https:\/\/schema.org\",\"@graph\":[{\"@type\":\"WebPage\",\"@id\":\"https:\/\/zilelemaghiaretm.ro\/2024\/gala-de-deschidere-si-concertul-formatiei-csik\/\",\"url\":\"https:\/\/zilelemaghiaretm.ro\/2024\/gala-de-deschidere-si-concertul-formatiei-csik\/\",\"name\":\"Gala de deschidere \u0219i concertul Forma\u021biei Cs\u00edk - Zilele Culturale Maghiare din Timi\u0219oara, 20-24 septembrie 2023\",\"isPartOf\":{\"@id\":\"https:\/\/zilelemaghiaretm.ro\/2024\/#website\"},\"primaryImageOfPage\":{\"@id\":\"https:\/\/zilelemaghiaretm.ro\/2024\/gala-de-deschidere-si-concertul-formatiei-csik\/#primaryimage\"},\"image\":{\"@id\":\"https:\/\/zilelemaghiaretm.ro\/2024\/gala-de-deschidere-si-concertul-formatiei-csik\/#primaryimage\"},\"thumbnailUrl\":\"https:\/\/zilelemaghiaretm.ro\/2024\/wp-content\/uploads\/2024\/09\/Csik-Zenekar.jpg\",\"datePublished\":\"2024-09-20T05:58:54+00:00\",\"dateModified\":\"2024-09-20T05:58:55+00:00\",\"author\":{\"@id\":\"https:\/\/zilelemaghiaretm.ro\/2024\/#\/schema\/person\/c9b57e609b801a5434e94766926b87b2\"},\"breadcrumb\":{\"@id\":\"https:\/\/zilelemaghiaretm.ro\/2024\/gala-de-deschidere-si-concertul-formatiei-csik\/#breadcrumb\"},\"inLanguage\":\"hu\",\"potentialAction\":[{\"@type\":\"ReadAction\",\"target\":[\"https:\/\/zilelemaghiaretm.ro\/2024\/gala-de-deschidere-si-concertul-formatiei-csik\/\"]}]},{\"@type\":\"ImageObject\",\"inLanguage\":\"hu\",\"@id\":\"https:\/\/zilelemaghiaretm.ro\/2024\/gala-de-deschidere-si-concertul-formatiei-csik\/#primaryimage\",\"url\":\"https:\/\/zilelemaghiaretm.ro\/2024\/wp-content\/uploads\/2024\/09\/Csik-Zenekar.jpg\",\"contentUrl\":\"https:\/\/zilelemaghiaretm.ro\/2024\/wp-content\/uploads\/2024\/09\/Csik-Zenekar.jpg\",\"width\":1920,\"height\":1080},{\"@type\":\"BreadcrumbList\",\"@id\":\"https:\/\/zilelemaghiaretm.ro\/2024\/gala-de-deschidere-si-concertul-formatiei-csik\/#breadcrumb\",\"itemListElement\":[{\"@type\":\"ListItem\",\"position\":1,\"name\":\"Kezd\u0151lap\",\"item\":\"https:\/\/zilelemaghiaretm.ro\/2024\/\"},{\"@type\":\"ListItem\",\"position\":2,\"name\":\"Gala de deschidere \u0219i concertul Forma\u021biei Cs\u00edk\"}]},{\"@type\":\"WebSite\",\"@id\":\"https:\/\/zilelemaghiaretm.ro\/2024\/#website\",\"url\":\"https:\/\/zilelemaghiaretm.ro\/2024\/\",\"name\":\"Zilele Culturale Maghiare din Timi\u0219oara, 20-24 septembrie 2023\",\"description\":\"\",\"potentialAction\":[{\"@type\":\"SearchAction\",\"target\":{\"@type\":\"EntryPoint\",\"urlTemplate\":\"https:\/\/zilelemaghiaretm.ro\/2024\/?s={search_term_string}\"},\"query-input\":{\"@type\":\"PropertyValueSpecification\",\"valueRequired\":true,\"valueName\":\"search_term_string\"}}],\"inLanguage\":\"hu\"},{\"@type\":\"Person\",\"@id\":\"https:\/\/zilelemaghiaretm.ro\/2024\/#\/schema\/person\/c9b57e609b801a5434e94766926b87b2\",\"name\":\"2024ro\",\"image\":{\"@type\":\"ImageObject\",\"inLanguage\":\"hu\",\"@id\":\"https:\/\/zilelemaghiaretm.ro\/2024\/#\/schema\/person\/image\/\",\"url\":\"https:\/\/secure.gravatar.com\/avatar\/6df8b26fbbf8a4bb316fa9d4501851464a8a761c8ac12484d08132925cac3f18?s=96&d=mm&r=g\",\"contentUrl\":\"https:\/\/secure.gravatar.com\/avatar\/6df8b26fbbf8a4bb316fa9d4501851464a8a761c8ac12484d08132925cac3f18?s=96&d=mm&r=g\",\"caption\":\"2024ro\"},\"sameAs\":[\"https:\/\/zilelemaghiaretm.ro\/2024\"],\"url\":\"https:\/\/zilelemaghiaretm.ro\/2024\/author\/2024ro\/\"}]}<\/script>\n<!-- \/ Yoast SEO plugin. -->","yoast_head_json":{"title":"Gala de deschidere \u0219i concertul Forma\u021biei Cs\u00edk - Zilele Culturale Maghiare din Timi\u0219oara, 20-24 septembrie 2023","robots":{"index":"index","follow":"follow","max-snippet":"max-snippet:-1","max-image-preview":"max-image-preview:large","max-video-preview":"max-video-preview:-1"},"canonical":"https:\/\/zilelemaghiaretm.ro\/2024\/gala-de-deschidere-si-concertul-formatiei-csik\/","og_locale":"hu_HU","og_type":"article","og_title":"Gala de deschidere \u0219i concertul Forma\u021biei Cs\u00edk - Zilele Culturale Maghiare din Timi\u0219oara, 20-24 septembrie 2023","og_description":"Ziua \u0219i ora: joi, 18:00\u201321:00Loca\u021bia: Pia\u021ba Victoriei, Scena mareOrganizator: Asocia\u021bia Bastion \u2013 V\u00e1rb\u00e1stya Egyes\u00fclet Pu\u021bine trupe pot spune c\u0103 au existat \u0219i au lucrat mai bine de 35 de ani cu o energie ne\u00eentrerupt\u0103, ignor\u00e2nd trecerea timpului \u0219i a diferitelor curent, dep\u0103\u0219ind dificult\u0103\u021bile \u0219i gestion\u00e2nd succesele cu pricepere.Ei bine, aceasta este Forma\u021bia Cs\u00edk.\u00cen spectacolele noastre [&hellip;]","og_url":"https:\/\/zilelemaghiaretm.ro\/2024\/gala-de-deschidere-si-concertul-formatiei-csik\/","og_site_name":"Zilele Culturale Maghiare din Timi\u0219oara, 20-24 septembrie 2023","article_published_time":"2024-09-20T05:58:54+00:00","article_modified_time":"2024-09-20T05:58:55+00:00","og_image":[{"width":1920,"height":1080,"url":"https:\/\/zilelemaghiaretm.ro\/2024\/wp-content\/uploads\/2024\/09\/Csik-Zenekar.jpg","type":"image\/jpeg"}],"author":"2024ro","twitter_card":"summary_large_image","twitter_misc":{"Szerz\u0151:":"2024ro","Becs\u00fclt olvas\u00e1si id\u0151":"1 perc"},"schema":{"@context":"https:\/\/schema.org","@graph":[{"@type":"WebPage","@id":"https:\/\/zilelemaghiaretm.ro\/2024\/gala-de-deschidere-si-concertul-formatiei-csik\/","url":"https:\/\/zilelemaghiaretm.ro\/2024\/gala-de-deschidere-si-concertul-formatiei-csik\/","name":"Gala de deschidere \u0219i concertul Forma\u021biei Cs\u00edk - Zilele Culturale Maghiare din Timi\u0219oara, 20-24 septembrie 2023","isPartOf":{"@id":"https:\/\/zilelemaghiaretm.ro\/2024\/#website"},"primaryImageOfPage":{"@id":"https:\/\/zilelemaghiaretm.ro\/2024\/gala-de-deschidere-si-concertul-formatiei-csik\/#primaryimage"},"image":{"@id":"https:\/\/zilelemaghiaretm.ro\/2024\/gala-de-deschidere-si-concertul-formatiei-csik\/#primaryimage"},"thumbnailUrl":"https:\/\/zilelemaghiaretm.ro\/2024\/wp-content\/uploads\/2024\/09\/Csik-Zenekar.jpg","datePublished":"2024-09-20T05:58:54+00:00","dateModified":"2024-09-20T05:58:55+00:00","author":{"@id":"https:\/\/zilelemaghiaretm.ro\/2024\/#\/schema\/person\/c9b57e609b801a5434e94766926b87b2"},"breadcrumb":{"@id":"https:\/\/zilelemaghiaretm.ro\/2024\/gala-de-deschidere-si-concertul-formatiei-csik\/#breadcrumb"},"inLanguage":"hu","potentialAction":[{"@type":"ReadAction","target":["https:\/\/zilelemaghiaretm.ro\/2024\/gala-de-deschidere-si-concertul-formatiei-csik\/"]}]},{"@type":"ImageObject","inLanguage":"hu","@id":"https:\/\/zilelemaghiaretm.ro\/2024\/gala-de-deschidere-si-concertul-formatiei-csik\/#primaryimage","url":"https:\/\/zilelemaghiaretm.ro\/2024\/wp-content\/uploads\/2024\/09\/Csik-Zenekar.jpg","contentUrl":"https:\/\/zilelemaghiaretm.ro\/2024\/wp-content\/uploads\/2024\/09\/Csik-Zenekar.jpg","width":1920,"height":1080},{"@type":"BreadcrumbList","@id":"https:\/\/zilelemaghiaretm.ro\/2024\/gala-de-deschidere-si-concertul-formatiei-csik\/#breadcrumb","itemListElement":[{"@type":"ListItem","position":1,"name":"Kezd\u0151lap","item":"https:\/\/zilelemaghiaretm.ro\/2024\/"},{"@type":"ListItem","position":2,"name":"Gala de deschidere \u0219i concertul Forma\u021biei Cs\u00edk"}]},{"@type":"WebSite","@id":"https:\/\/zilelemaghiaretm.ro\/2024\/#website","url":"https:\/\/zilelemaghiaretm.ro\/2024\/","name":"Zilele Culturale Maghiare din Timi\u0219oara, 20-24 septembrie 2023","description":"","potentialAction":[{"@type":"SearchAction","target":{"@type":"EntryPoint","urlTemplate":"https:\/\/zilelemaghiaretm.ro\/2024\/?s={search_term_string}"},"query-input":{"@type":"PropertyValueSpecification","valueRequired":true,"valueName":"search_term_string"}}],"inLanguage":"hu"},{"@type":"Person","@id":"https:\/\/zilelemaghiaretm.ro\/2024\/#\/schema\/person\/c9b57e609b801a5434e94766926b87b2","name":"2024ro","image":{"@type":"ImageObject","inLanguage":"hu","@id":"https:\/\/zilelemaghiaretm.ro\/2024\/#\/schema\/person\/image\/","url":"https:\/\/secure.gravatar.com\/avatar\/6df8b26fbbf8a4bb316fa9d4501851464a8a761c8ac12484d08132925cac3f18?s=96&d=mm&r=g","contentUrl":"https:\/\/secure.gravatar.com\/avatar\/6df8b26fbbf8a4bb316fa9d4501851464a8a761c8ac12484d08132925cac3f18?s=96&d=mm&r=g","caption":"2024ro"},"sameAs":["https:\/\/zilelemaghiaretm.ro\/2024"],"url":"https:\/\/zilelemaghiaretm.ro\/2024\/author\/2024ro\/"}]}},"_links":{"self":[{"href":"https:\/\/zilelemaghiaretm.ro\/2024\/wp-json\/wp\/v2\/posts\/112","targetHints":{"allow":["GET"]}}],"collection":[{"href":"https:\/\/zilelemaghiaretm.ro\/2024\/wp-json\/wp\/v2\/posts"}],"about":[{"href":"https:\/\/zilelemaghiaretm.ro\/2024\/wp-json\/wp\/v2\/types\/post"}],"author":[{"embeddable":true,"href":"https:\/\/zilelemaghiaretm.ro\/2024\/wp-json\/wp\/v2\/users\/1"}],"replies":[{"embeddable":true,"href":"https:\/\/zilelemaghiaretm.ro\/2024\/wp-json\/wp\/v2\/comments?post=112"}],"version-history":[{"count":1,"href":"https:\/\/zilelemaghiaretm.ro\/2024\/wp-json\/wp\/v2\/posts\/112\/revisions"}],"predecessor-version":[{"id":113,"href":"https:\/\/zilelemaghiaretm.ro\/2024\/wp-json\/wp\/v2\/posts\/112\/revisions\/113"}],"wp:featuredmedia":[{"embeddable":true,"href":"https:\/\/zilelemaghiaretm.ro\/2024\/wp-json\/wp\/v2\/media\/98"}],"wp:attachment":[{"href":"https:\/\/zilelemaghiaretm.ro\/2024\/wp-json\/wp\/v2\/media?parent=112"}],"wp:term":[{"taxonomy":"category","embeddable":true,"href":"https:\/\/zilelemaghiaretm.ro\/2024\/wp-json\/wp\/v2\/categories?post=112"},{"taxonomy":"post_tag","embeddable":true,"href":"https:\/\/zilelemaghiaretm.ro\/2024\/wp-json\/wp\/v2\/tags?post=112"}],"curies":[{"name":"wp","href":"https:\/\/api.w.org\/{rel}","templated":true}]}}