{"id":96,"date":"2024-09-20T07:45:53","date_gmt":"2024-09-20T05:45:53","guid":{"rendered":"https:\/\/zilelemaghiaretm.ro\/2024\/?p=96"},"modified":"2024-09-20T07:49:50","modified_gmt":"2024-09-20T05:49:50","slug":"zilele-culturale-maghiare-din-timisoara-editia-a-ix-a","status":"publish","type":"post","link":"https:\/\/zilelemaghiaretm.ro\/2024\/zilele-culturale-maghiare-din-timisoara-editia-a-ix-a\/","title":{"rendered":"ZILELE CULTURALE MAGHIARE DIN TIMI\u0218OARA Edi\u021bia a IX-a"},"content":{"rendered":"\n<p>VALOAREA MAGHIAR\u0102 A TIMI\u0218OAREI<\/p>\n\n\n\n<p>Este incontestabil c\u0103 cea mai recent\u0103 valoare intelectual\u0103 a comunit\u0103\u021bii maghiare din Timi\u0219oara este \u0219irul de evenimente Zilele Culturale Maghiare din Timi\u0219oara. Asocia\u021bia Bastion &#8211; V\u00e1rb\u00e1stya, care organizeaz\u0103 zilele maghiare, \u0219i ajutoarele din spatele acesteia au reu\u0219it s\u0103 introduc\u0103 \u00een con\u0219tiin\u021ba public\u0103 un eveniment de patru zile menit s\u0103 prezinte \u0219i s\u0103 promoveze valorile maghiare (timi\u0219orene) prin oferirea de oportunit\u0103\u021bi de recreere cult\u0103 pentru \u00eentreaga popula\u021bie a Timi\u0219oarei \u00een acela\u0219i timp. &nbsp;Acesta este probabil cel mai mare beneficiu al Zilelor Culturale Maghiare din Timi\u0219oara, care \u00eei inspir\u0103 \u0219i pe al\u021bii. Pentru c\u0103 ne putem izola, putem ridica garduri invizibile, ne putem spune lucruri doar nou\u0103 \u00een\u0219ine, dar c\u00e2t de valoros \u0219i mai bine este s\u0103 \u00eemp\u0103rt\u0103\u0219im bucuria de a s\u0103rb\u0103tori \u00eempreun\u0103 cu cei care ne locuiesc al\u0103turi. \u00cen cadrul Zilelor Culturale Maghiare din Timi\u0219oara, iubitorii de muzic\u0103 u\u0219oar\u0103 pot asculta binecunoscutele trupe Cs\u00edk, NOX, Margaret Island sau forma\u021biile maghiare Sleepin Insomnia \u0219i 8 Light Minutes din Timi\u0219oara \u0219i al\u021bii, iar interpre\u021bii din Timi\u0219oara \u0219i din Ungaria \u00ee\u0219i vor interpreta mesajele \u00een limba interna\u021bional\u0103 a muzicii clasice.<\/p>\n\n\n\n<p>Arti\u0219tii Teatrului de Dans Bekecs din Miercurea Nirajului, multipremiat, evoc\u0103 magia muzicii populare \u0219i a dansului popular maghiar, \u00een timp ce practican\u021bii de baranta ai Asocia\u021biei Losonczy Istv\u00e1n \u0219i oaspe\u021bii lor vor \u00eencerca s\u0103 evoce atmosfera cet\u0103\u021bii medievale a Timi\u0219oarei \u0219i s\u0103 ne introduc\u0103 \u00een trucurile de r\u0103zboi maghiare din perioada desc\u0103lec\u0103rii. De asemenea, pe l\u00e2ng\u0103 multe altele, vor fi \u0219i mese rotunde pe teme de interes public, lans\u0103ri de carte, degust\u0103ri de vinuri, spectacole de teatru, petrecere retro, numeroase evenimente pentru familii \u0219i o mul\u021bime de activit\u0103\u021bi interesante pentru cei mai mici, precum \u0219i o selec\u021bie bogat\u0103 de m\u00e2nc\u0103ruri \u0219i b\u0103uturi pe Promenada Gastro \u0219i o mul\u021bime de produse valoroase la T\u00e2rgul de Me\u0219te\u0219uguri.<\/p>\n","protected":false},"excerpt":{"rendered":"<p>VALOAREA MAGHIAR\u0102 A TIMI\u0218OAREI Este incontestabil c\u0103 cea mai recent\u0103 valoare intelectual\u0103 a comunit\u0103\u021bii maghiare din Timi\u0219oara este \u0219irul de evenimente Zilele Culturale Maghiare din Timi\u0219oara. Asocia\u021bia Bastion &#8211; V\u00e1rb\u00e1stya, care organizeaz\u0103 zilele maghiare, \u0219i ajutoarele din spatele acesteia au reu\u0219it s\u0103 introduc\u0103 \u00een con\u0219tiin\u021ba public\u0103 un eveniment de patru zile menit s\u0103 prezinte \u0219i [&hellip;]<\/p>\n","protected":false},"author":1,"featured_media":102,"comment_status":"closed","ping_status":"open","sticky":false,"template":"","format":"standard","meta":{"footnotes":""},"categories":[1],"tags":[],"class_list":["post-96","post","type-post","status-publish","format-standard","has-post-thumbnail","hentry","category-uncategorized"],"yoast_head":"<!-- This site is optimized with the Yoast SEO plugin v23.4 - https:\/\/yoast.com\/wordpress\/plugins\/seo\/ -->\n<title>ZILELE CULTURALE MAGHIARE DIN TIMI\u0218OARA Edi\u021bia a IX-a - Zilele Culturale Maghiare din Timi\u0219oara, 20-24 septembrie 2023<\/title>\n<meta name=\"robots\" content=\"index, follow, max-snippet:-1, max-image-preview:large, max-video-preview:-1\" \/>\n<link rel=\"canonical\" href=\"https:\/\/zilelemaghiaretm.ro\/2024\/zilele-culturale-maghiare-din-timisoara-editia-a-ix-a\/\" \/>\n<meta property=\"og:locale\" content=\"hu_HU\" \/>\n<meta property=\"og:type\" content=\"article\" \/>\n<meta property=\"og:title\" content=\"ZILELE CULTURALE MAGHIARE DIN TIMI\u0218OARA Edi\u021bia a IX-a - Zilele Culturale Maghiare din Timi\u0219oara, 20-24 septembrie 2023\" \/>\n<meta property=\"og:description\" content=\"VALOAREA MAGHIAR\u0102 A TIMI\u0218OAREI Este incontestabil c\u0103 cea mai recent\u0103 valoare intelectual\u0103 a comunit\u0103\u021bii maghiare din Timi\u0219oara este \u0219irul de evenimente Zilele Culturale Maghiare din Timi\u0219oara. Asocia\u021bia Bastion &#8211; V\u00e1rb\u00e1stya, care organizeaz\u0103 zilele maghiare, \u0219i ajutoarele din spatele acesteia au reu\u0219it s\u0103 introduc\u0103 \u00een con\u0219tiin\u021ba public\u0103 un eveniment de patru zile menit s\u0103 prezinte \u0219i [&hellip;]\" \/>\n<meta property=\"og:url\" content=\"https:\/\/zilelemaghiaretm.ro\/2024\/zilele-culturale-maghiare-din-timisoara-editia-a-ix-a\/\" \/>\n<meta property=\"og:site_name\" content=\"Zilele Culturale Maghiare din Timi\u0219oara, 20-24 septembrie 2023\" \/>\n<meta property=\"article:published_time\" content=\"2024-09-20T05:45:53+00:00\" \/>\n<meta property=\"article:modified_time\" content=\"2024-09-20T05:49:50+00:00\" \/>\n<meta property=\"og:image\" content=\"https:\/\/zilelemaghiaretm.ro\/2024\/wp-content\/uploads\/2024\/09\/TMN2024_FB_profil-cover_ro.jpg\" \/>\n\t<meta property=\"og:image:width\" content=\"1920\" \/>\n\t<meta property=\"og:image:height\" content=\"1080\" \/>\n\t<meta property=\"og:image:type\" content=\"image\/jpeg\" \/>\n<meta name=\"author\" content=\"2024ro\" \/>\n<meta name=\"twitter:card\" content=\"summary_large_image\" \/>\n<meta name=\"twitter:label1\" content=\"Szerz\u0151:\" \/>\n\t<meta name=\"twitter:data1\" content=\"2024ro\" \/>\n\t<meta name=\"twitter:label2\" content=\"Becs\u00fclt olvas\u00e1si id\u0151\" \/>\n\t<meta name=\"twitter:data2\" content=\"2 perc\" \/>\n<script type=\"application\/ld+json\" class=\"yoast-schema-graph\">{\"@context\":\"https:\/\/schema.org\",\"@graph\":[{\"@type\":\"WebPage\",\"@id\":\"https:\/\/zilelemaghiaretm.ro\/2024\/zilele-culturale-maghiare-din-timisoara-editia-a-ix-a\/\",\"url\":\"https:\/\/zilelemaghiaretm.ro\/2024\/zilele-culturale-maghiare-din-timisoara-editia-a-ix-a\/\",\"name\":\"ZILELE CULTURALE MAGHIARE DIN TIMI\u0218OARA Edi\u021bia a IX-a - Zilele Culturale Maghiare din Timi\u0219oara, 20-24 septembrie 2023\",\"isPartOf\":{\"@id\":\"https:\/\/zilelemaghiaretm.ro\/2024\/#website\"},\"primaryImageOfPage\":{\"@id\":\"https:\/\/zilelemaghiaretm.ro\/2024\/zilele-culturale-maghiare-din-timisoara-editia-a-ix-a\/#primaryimage\"},\"image\":{\"@id\":\"https:\/\/zilelemaghiaretm.ro\/2024\/zilele-culturale-maghiare-din-timisoara-editia-a-ix-a\/#primaryimage\"},\"thumbnailUrl\":\"https:\/\/zilelemaghiaretm.ro\/2024\/wp-content\/uploads\/2024\/09\/TMN2024_FB_profil-cover_ro.jpg\",\"datePublished\":\"2024-09-20T05:45:53+00:00\",\"dateModified\":\"2024-09-20T05:49:50+00:00\",\"author\":{\"@id\":\"https:\/\/zilelemaghiaretm.ro\/2024\/#\/schema\/person\/c9b57e609b801a5434e94766926b87b2\"},\"breadcrumb\":{\"@id\":\"https:\/\/zilelemaghiaretm.ro\/2024\/zilele-culturale-maghiare-din-timisoara-editia-a-ix-a\/#breadcrumb\"},\"inLanguage\":\"hu\",\"potentialAction\":[{\"@type\":\"ReadAction\",\"target\":[\"https:\/\/zilelemaghiaretm.ro\/2024\/zilele-culturale-maghiare-din-timisoara-editia-a-ix-a\/\"]}]},{\"@type\":\"ImageObject\",\"inLanguage\":\"hu\",\"@id\":\"https:\/\/zilelemaghiaretm.ro\/2024\/zilele-culturale-maghiare-din-timisoara-editia-a-ix-a\/#primaryimage\",\"url\":\"https:\/\/zilelemaghiaretm.ro\/2024\/wp-content\/uploads\/2024\/09\/TMN2024_FB_profil-cover_ro.jpg\",\"contentUrl\":\"https:\/\/zilelemaghiaretm.ro\/2024\/wp-content\/uploads\/2024\/09\/TMN2024_FB_profil-cover_ro.jpg\",\"width\":1920,\"height\":1080},{\"@type\":\"BreadcrumbList\",\"@id\":\"https:\/\/zilelemaghiaretm.ro\/2024\/zilele-culturale-maghiare-din-timisoara-editia-a-ix-a\/#breadcrumb\",\"itemListElement\":[{\"@type\":\"ListItem\",\"position\":1,\"name\":\"Kezd\u0151lap\",\"item\":\"https:\/\/zilelemaghiaretm.ro\/2024\/\"},{\"@type\":\"ListItem\",\"position\":2,\"name\":\"ZILELE CULTURALE MAGHIARE DIN TIMI\u0218OARA Edi\u021bia a IX-a\"}]},{\"@type\":\"WebSite\",\"@id\":\"https:\/\/zilelemaghiaretm.ro\/2024\/#website\",\"url\":\"https:\/\/zilelemaghiaretm.ro\/2024\/\",\"name\":\"Zilele Culturale Maghiare din Timi\u0219oara, 20-24 septembrie 2023\",\"description\":\"\",\"potentialAction\":[{\"@type\":\"SearchAction\",\"target\":{\"@type\":\"EntryPoint\",\"urlTemplate\":\"https:\/\/zilelemaghiaretm.ro\/2024\/?s={search_term_string}\"},\"query-input\":{\"@type\":\"PropertyValueSpecification\",\"valueRequired\":true,\"valueName\":\"search_term_string\"}}],\"inLanguage\":\"hu\"},{\"@type\":\"Person\",\"@id\":\"https:\/\/zilelemaghiaretm.ro\/2024\/#\/schema\/person\/c9b57e609b801a5434e94766926b87b2\",\"name\":\"2024ro\",\"image\":{\"@type\":\"ImageObject\",\"inLanguage\":\"hu\",\"@id\":\"https:\/\/zilelemaghiaretm.ro\/2024\/#\/schema\/person\/image\/\",\"url\":\"https:\/\/secure.gravatar.com\/avatar\/6df8b26fbbf8a4bb316fa9d4501851464a8a761c8ac12484d08132925cac3f18?s=96&d=mm&r=g\",\"contentUrl\":\"https:\/\/secure.gravatar.com\/avatar\/6df8b26fbbf8a4bb316fa9d4501851464a8a761c8ac12484d08132925cac3f18?s=96&d=mm&r=g\",\"caption\":\"2024ro\"},\"sameAs\":[\"https:\/\/zilelemaghiaretm.ro\/2024\"],\"url\":\"https:\/\/zilelemaghiaretm.ro\/2024\/author\/2024ro\/\"}]}<\/script>\n<!-- \/ Yoast SEO plugin. -->","yoast_head_json":{"title":"ZILELE CULTURALE MAGHIARE DIN TIMI\u0218OARA Edi\u021bia a IX-a - Zilele Culturale Maghiare din Timi\u0219oara, 20-24 septembrie 2023","robots":{"index":"index","follow":"follow","max-snippet":"max-snippet:-1","max-image-preview":"max-image-preview:large","max-video-preview":"max-video-preview:-1"},"canonical":"https:\/\/zilelemaghiaretm.ro\/2024\/zilele-culturale-maghiare-din-timisoara-editia-a-ix-a\/","og_locale":"hu_HU","og_type":"article","og_title":"ZILELE CULTURALE MAGHIARE DIN TIMI\u0218OARA Edi\u021bia a IX-a - Zilele Culturale Maghiare din Timi\u0219oara, 20-24 septembrie 2023","og_description":"VALOAREA MAGHIAR\u0102 A TIMI\u0218OAREI Este incontestabil c\u0103 cea mai recent\u0103 valoare intelectual\u0103 a comunit\u0103\u021bii maghiare din Timi\u0219oara este \u0219irul de evenimente Zilele Culturale Maghiare din Timi\u0219oara. Asocia\u021bia Bastion &#8211; V\u00e1rb\u00e1stya, care organizeaz\u0103 zilele maghiare, \u0219i ajutoarele din spatele acesteia au reu\u0219it s\u0103 introduc\u0103 \u00een con\u0219tiin\u021ba public\u0103 un eveniment de patru zile menit s\u0103 prezinte \u0219i [&hellip;]","og_url":"https:\/\/zilelemaghiaretm.ro\/2024\/zilele-culturale-maghiare-din-timisoara-editia-a-ix-a\/","og_site_name":"Zilele Culturale Maghiare din Timi\u0219oara, 20-24 septembrie 2023","article_published_time":"2024-09-20T05:45:53+00:00","article_modified_time":"2024-09-20T05:49:50+00:00","og_image":[{"width":1920,"height":1080,"url":"https:\/\/zilelemaghiaretm.ro\/2024\/wp-content\/uploads\/2024\/09\/TMN2024_FB_profil-cover_ro.jpg","type":"image\/jpeg"}],"author":"2024ro","twitter_card":"summary_large_image","twitter_misc":{"Szerz\u0151:":"2024ro","Becs\u00fclt olvas\u00e1si id\u0151":"2 perc"},"schema":{"@context":"https:\/\/schema.org","@graph":[{"@type":"WebPage","@id":"https:\/\/zilelemaghiaretm.ro\/2024\/zilele-culturale-maghiare-din-timisoara-editia-a-ix-a\/","url":"https:\/\/zilelemaghiaretm.ro\/2024\/zilele-culturale-maghiare-din-timisoara-editia-a-ix-a\/","name":"ZILELE CULTURALE MAGHIARE DIN TIMI\u0218OARA Edi\u021bia a IX-a - Zilele Culturale Maghiare din Timi\u0219oara, 20-24 septembrie 2023","isPartOf":{"@id":"https:\/\/zilelemaghiaretm.ro\/2024\/#website"},"primaryImageOfPage":{"@id":"https:\/\/zilelemaghiaretm.ro\/2024\/zilele-culturale-maghiare-din-timisoara-editia-a-ix-a\/#primaryimage"},"image":{"@id":"https:\/\/zilelemaghiaretm.ro\/2024\/zilele-culturale-maghiare-din-timisoara-editia-a-ix-a\/#primaryimage"},"thumbnailUrl":"https:\/\/zilelemaghiaretm.ro\/2024\/wp-content\/uploads\/2024\/09\/TMN2024_FB_profil-cover_ro.jpg","datePublished":"2024-09-20T05:45:53+00:00","dateModified":"2024-09-20T05:49:50+00:00","author":{"@id":"https:\/\/zilelemaghiaretm.ro\/2024\/#\/schema\/person\/c9b57e609b801a5434e94766926b87b2"},"breadcrumb":{"@id":"https:\/\/zilelemaghiaretm.ro\/2024\/zilele-culturale-maghiare-din-timisoara-editia-a-ix-a\/#breadcrumb"},"inLanguage":"hu","potentialAction":[{"@type":"ReadAction","target":["https:\/\/zilelemaghiaretm.ro\/2024\/zilele-culturale-maghiare-din-timisoara-editia-a-ix-a\/"]}]},{"@type":"ImageObject","inLanguage":"hu","@id":"https:\/\/zilelemaghiaretm.ro\/2024\/zilele-culturale-maghiare-din-timisoara-editia-a-ix-a\/#primaryimage","url":"https:\/\/zilelemaghiaretm.ro\/2024\/wp-content\/uploads\/2024\/09\/TMN2024_FB_profil-cover_ro.jpg","contentUrl":"https:\/\/zilelemaghiaretm.ro\/2024\/wp-content\/uploads\/2024\/09\/TMN2024_FB_profil-cover_ro.jpg","width":1920,"height":1080},{"@type":"BreadcrumbList","@id":"https:\/\/zilelemaghiaretm.ro\/2024\/zilele-culturale-maghiare-din-timisoara-editia-a-ix-a\/#breadcrumb","itemListElement":[{"@type":"ListItem","position":1,"name":"Kezd\u0151lap","item":"https:\/\/zilelemaghiaretm.ro\/2024\/"},{"@type":"ListItem","position":2,"name":"ZILELE CULTURALE MAGHIARE DIN TIMI\u0218OARA Edi\u021bia a IX-a"}]},{"@type":"WebSite","@id":"https:\/\/zilelemaghiaretm.ro\/2024\/#website","url":"https:\/\/zilelemaghiaretm.ro\/2024\/","name":"Zilele Culturale Maghiare din Timi\u0219oara, 20-24 septembrie 2023","description":"","potentialAction":[{"@type":"SearchAction","target":{"@type":"EntryPoint","urlTemplate":"https:\/\/zilelemaghiaretm.ro\/2024\/?s={search_term_string}"},"query-input":{"@type":"PropertyValueSpecification","valueRequired":true,"valueName":"search_term_string"}}],"inLanguage":"hu"},{"@type":"Person","@id":"https:\/\/zilelemaghiaretm.ro\/2024\/#\/schema\/person\/c9b57e609b801a5434e94766926b87b2","name":"2024ro","image":{"@type":"ImageObject","inLanguage":"hu","@id":"https:\/\/zilelemaghiaretm.ro\/2024\/#\/schema\/person\/image\/","url":"https:\/\/secure.gravatar.com\/avatar\/6df8b26fbbf8a4bb316fa9d4501851464a8a761c8ac12484d08132925cac3f18?s=96&d=mm&r=g","contentUrl":"https:\/\/secure.gravatar.com\/avatar\/6df8b26fbbf8a4bb316fa9d4501851464a8a761c8ac12484d08132925cac3f18?s=96&d=mm&r=g","caption":"2024ro"},"sameAs":["https:\/\/zilelemaghiaretm.ro\/2024"],"url":"https:\/\/zilelemaghiaretm.ro\/2024\/author\/2024ro\/"}]}},"_links":{"self":[{"href":"https:\/\/zilelemaghiaretm.ro\/2024\/wp-json\/wp\/v2\/posts\/96","targetHints":{"allow":["GET"]}}],"collection":[{"href":"https:\/\/zilelemaghiaretm.ro\/2024\/wp-json\/wp\/v2\/posts"}],"about":[{"href":"https:\/\/zilelemaghiaretm.ro\/2024\/wp-json\/wp\/v2\/types\/post"}],"author":[{"embeddable":true,"href":"https:\/\/zilelemaghiaretm.ro\/2024\/wp-json\/wp\/v2\/users\/1"}],"replies":[{"embeddable":true,"href":"https:\/\/zilelemaghiaretm.ro\/2024\/wp-json\/wp\/v2\/comments?post=96"}],"version-history":[{"count":1,"href":"https:\/\/zilelemaghiaretm.ro\/2024\/wp-json\/wp\/v2\/posts\/96\/revisions"}],"predecessor-version":[{"id":103,"href":"https:\/\/zilelemaghiaretm.ro\/2024\/wp-json\/wp\/v2\/posts\/96\/revisions\/103"}],"wp:featuredmedia":[{"embeddable":true,"href":"https:\/\/zilelemaghiaretm.ro\/2024\/wp-json\/wp\/v2\/media\/102"}],"wp:attachment":[{"href":"https:\/\/zilelemaghiaretm.ro\/2024\/wp-json\/wp\/v2\/media?parent=96"}],"wp:term":[{"taxonomy":"category","embeddable":true,"href":"https:\/\/zilelemaghiaretm.ro\/2024\/wp-json\/wp\/v2\/categories?post=96"},{"taxonomy":"post_tag","embeddable":true,"href":"https:\/\/zilelemaghiaretm.ro\/2024\/wp-json\/wp\/v2\/tags?post=96"}],"curies":[{"name":"wp","href":"https:\/\/api.w.org\/{rel}","templated":true}]}}