{"id":103,"date":"2025-09-17T18:20:38","date_gmt":"2025-09-17T18:20:38","guid":{"rendered":"https:\/\/zilelemaghiaretm.ro\/2025\/?p=103"},"modified":"2025-09-17T18:20:38","modified_gmt":"2025-09-17T18:20:38","slug":"zilele-culturii-maghiare-din-timisoara-2025-sarbatoare-intalnire-comunitate","status":"publish","type":"post","link":"https:\/\/zilelemaghiaretm.ro\/2025\/zilele-culturii-maghiare-din-timisoara-2025-sarbatoare-intalnire-comunitate\/","title":{"rendered":"Zilele Culturii Maghiare din Timi\u0219oara 2025 \u2013 S\u0103rb\u0103toare, \u00eent\u00e2lnire, comunitate"},"content":{"rendered":"\n<p>\u00cen perioada 24\u201328 septembrie, prinde din nou via\u021b\u0103 cel mai mare eveniment cultural al comunit\u0103\u021bii maghiare din Timi\u0219oara: <strong>Zilele Culturii Maghiare din Timi\u0219oara. <\/strong>Timp de cinci zile, centrul ora\u0219ului se transform\u0103 \u00eentr-un spa\u021biu viu al \u00eent\u00e2lnirilor, unde tradi\u021bia, cultura, experien\u021ba comunitar\u0103 \u0219i distrac\u021bia merg m\u00e2n\u0103 \u00een m\u00e2n\u0103.<\/p>\n\n\n\n<p>Seria de evenimente va fi deschis\u0103 de <strong>gala festiv\u0103<\/strong> organizat\u0103 la Opera Na\u021bional\u0103 Rom\u00e2n\u0103 din Timi\u0219oara, unde publicul va fi purtat \u00eentr-o lume muzical\u0103 special\u0103 de concertul sus\u021binut de <strong>Trio-ul P\u00e9ter S\u00e1rik<\/strong> \u0219i <strong>Koszika<\/strong>. \u00cen zilele urm\u0103toare, fiecare genera\u021bie va putea g\u0103si programul care i se potrive\u0219te cel mai bine: Cei mici vor fi \u00eent\u00e2mpina\u021bi cu proiec\u021bii de film <strong><em>Bobi\u021b\u0103 \u0219i Buburuz\u0103<\/em><\/strong>, ateliere creative, spectacole de p\u0103pu\u0219i \u0219i concerte vesele dedicate copiilor. Pentru tineri, un loc special va fi <strong>Tehi\u0219oara \u2013 Strada Tineretului<\/strong>, unde jocurile, activit\u0103\u021bile comunitare \u0219i petrecerile electrizante vor garanta buna dispozi\u021bie.<\/p>\n\n\n\n<p>Adul\u021bii vor fi ademeni\u021bi de o ofert\u0103 cultural\u0103<strong> bogat\u0103: spectacole de teatru<\/strong>, seri literare, lans\u0103ri de carte, tururi ghidate cu tematic\u0103 istoric\u0103 \u0219i dezbateri captivante. Publicul va putea descoperi patrimoniul cultural divers al Banatului \u0219i va avea ocazia s\u0103 reflecteze, al\u0103turi de invita\u021bi speciali \u0219i personalit\u0103\u021bi publice, asupra provoc\u0103rilor prezentului \u0219i viitorului.<\/p>\n\n\n\n<p>\u0218i \u00een acest an, un punct de atrac\u021bie de neratat va fi seria de prezent\u0103ri de tradi\u021bii organizate \u00een<strong> parcul Castelului Huniade: <\/strong>tab\u0103r\u0103 medieval\u0103, demonstra\u021bii de arme, \u0219oim\u0103rit, concurs de tir cu arcul \u0219i o ampl\u0103 reconstituire teatral\u0103 a asediului Timi\u0219oarei din 1552. Atmosfera va fi completat\u0103 de parade cu tor\u021be, jonglerii cu foc \u0219i muzic\u0103 renascentist\u0103.<\/p>\n\n\n\n<p>Nici iubitorii de muzic\u0103 nu vor r\u0103m\u00e2ne f\u0103r\u0103 experien\u021be de neuitat: concertele sus\u021binute de <strong>Erika Szak\u00e1cs<\/strong>, <strong>Hungarian Rhapsody<\/strong>, <strong>Sin Seekas<\/strong>, \u0219i \u2013 nu \u00een ultimul r\u00e2nd \u2013 de <strong>R\u00fazsa Magdi<\/strong> \u0219i <strong>EDDA M\u0171vek<\/strong> vor face din edi\u021bia din acest an a Zilelor Maghiare din Timi\u0219oara un eveniment de neuitat.<\/p>\n\n\n\n<p>Evenimentul este deschis tuturor: copii, tineri, familii \u0219i seniori \u2013 fiecare poate g\u0103si aici activit\u0103\u021bi valoroase \u0219i amintiri de durat\u0103. <strong>Zilele Culturii Maghiare din Timi\u0219oara<\/strong> sunt \u00een acela\u0219i timp despre tradi\u021biile noastre \u0219i despre viitorul nostru comun, despre valorile \u00eemp\u0103rt\u0103\u0219ite \u0219i despre puterea de a fi \u00eempreun\u0103 ca o comunitate.<\/p>\n\n\n\n<p><strong>Anul acesta s\u0103rb\u0103torim 10 ani! <\/strong>V\u0103 invit\u0103m s\u0103 fi\u021bi al\u0103turi de noi \u2013 haide\u021bi s\u0103 celebr\u0103m \u00eempreun\u0103 aceast\u0103 ocazie \u0219i s\u0103 ne revedem c\u00e2t mai mul\u021bi \u00een centrul Timi\u0219oarei!<\/p>\n","protected":false},"excerpt":{"rendered":"<p>\u00cen perioada 24\u201328 septembrie, prinde din nou via\u021b\u0103 cel mai mare eveniment cultural al comunit\u0103\u021bii maghiare din Timi\u0219oara: Zilele Culturii Maghiare din Timi\u0219oara. Timp de cinci zile, centrul ora\u0219ului se transform\u0103 \u00eentr-un spa\u021biu viu al \u00eent\u00e2lnirilor, unde tradi\u021bia, cultura, experien\u021ba comunitar\u0103 \u0219i distrac\u021bia merg m\u00e2n\u0103 \u00een m\u00e2n\u0103. Seria de evenimente va fi deschis\u0103 de gala [&hellip;]<\/p>\n","protected":false},"author":1,"featured_media":13,"comment_status":"open","ping_status":"open","sticky":false,"template":"","format":"standard","meta":{"_eb_attr":"","footnotes":""},"categories":[1],"tags":[],"class_list":["post-103","post","type-post","status-publish","format-standard","has-post-thumbnail","hentry","category-uncategorized"],"_links":{"self":[{"href":"https:\/\/zilelemaghiaretm.ro\/2025\/wp-json\/wp\/v2\/posts\/103","targetHints":{"allow":["GET"]}}],"collection":[{"href":"https:\/\/zilelemaghiaretm.ro\/2025\/wp-json\/wp\/v2\/posts"}],"about":[{"href":"https:\/\/zilelemaghiaretm.ro\/2025\/wp-json\/wp\/v2\/types\/post"}],"author":[{"embeddable":true,"href":"https:\/\/zilelemaghiaretm.ro\/2025\/wp-json\/wp\/v2\/users\/1"}],"replies":[{"embeddable":true,"href":"https:\/\/zilelemaghiaretm.ro\/2025\/wp-json\/wp\/v2\/comments?post=103"}],"version-history":[{"count":1,"href":"https:\/\/zilelemaghiaretm.ro\/2025\/wp-json\/wp\/v2\/posts\/103\/revisions"}],"predecessor-version":[{"id":104,"href":"https:\/\/zilelemaghiaretm.ro\/2025\/wp-json\/wp\/v2\/posts\/103\/revisions\/104"}],"wp:featuredmedia":[{"embeddable":true,"href":"https:\/\/zilelemaghiaretm.ro\/2025\/wp-json\/wp\/v2\/media\/13"}],"wp:attachment":[{"href":"https:\/\/zilelemaghiaretm.ro\/2025\/wp-json\/wp\/v2\/media?parent=103"}],"wp:term":[{"taxonomy":"category","embeddable":true,"href":"https:\/\/zilelemaghiaretm.ro\/2025\/wp-json\/wp\/v2\/categories?post=103"},{"taxonomy":"post_tag","embeddable":true,"href":"https:\/\/zilelemaghiaretm.ro\/2025\/wp-json\/wp\/v2\/tags?post=103"}],"curies":[{"name":"wp","href":"https:\/\/api.w.org\/{rel}","templated":true}]}}