{"id":119,"date":"2025-09-17T18:22:46","date_gmt":"2025-09-17T18:22:46","guid":{"rendered":"https:\/\/zilelemaghiaretm.ro\/2025\/?p=119"},"modified":"2025-09-17T18:22:46","modified_gmt":"2025-09-17T18:22:46","slug":"fii-verde-cu-noi","status":"publish","type":"post","link":"https:\/\/zilelemaghiaretm.ro\/2025\/fii-verde-cu-noi\/","title":{"rendered":"Fii verde cu noi!"},"content":{"rendered":"\n<p>Sustenabilitatea r\u0103m\u00e2ne o prioritate pentru noi. \u00cen acest an continu\u0103m ini\u021biativa \u00eenceput\u0103 \u00een 2019 sub titlul \u201eZilele Culturii Maghiare din Timi\u0219oara devin tot mai verzi\u201d, iar tot ce facem este pentru ca festivalul nostru s\u0103 devin\u0103 cel mai ecologic eveniment din Timi\u0219oara.<\/p>\n\n\n\n<p>Acest obiectiv nu este u\u0219or de atins, \u00eens\u0103, cu colaborarea \u00eentre arti\u0219ti, comercian\u021bi \u0219i voluntari, putem reduce cu succes amprenta ecologic\u0103 a festivalului. De aceea, rug\u0103m to\u021bi participan\u021bii s\u0103 depoziteze de\u0219eurile doar \u00een recipientele special amenajate.<\/p>\n\n\n\n<p>Din 2023, toate corturile gastronomice au devenit complet prietenoase cu mediul: nu folosim deloc plastic sau derivate ale acestuia, iar toate ambalajele, farfuriile \u0219i tac\u00e2murile sunt confec\u021bionate din materiale eco-prietenoase.<\/p>\n\n\n\n<p>Pentru a limita produc\u021bia de de\u0219euri de plastic \u00een corturile cu bere, vom folosi pahare reutilizabile din plastic, care cost\u0103 10 lei. Plata se face o singur\u0103 dat\u0103, iar la finalul festivalului paharul poate fi p\u0103strat ca suvenir sau cadou, sau returnat la cerere. Paharele pot fi achizi\u021bionate la standurile de bere \u0219i returnate at\u00e2t acolo, c\u00e2t \u0219i la InfoCort.<\/p>\n\n\n\n<p>S\u0103 fim prieteno\u0219i cu mediul, \u00eempreun\u0103!<\/p>\n","protected":false},"excerpt":{"rendered":"<p>Sustenabilitatea r\u0103m\u00e2ne o prioritate pentru noi. \u00cen acest an continu\u0103m ini\u021biativa \u00eenceput\u0103 \u00een 2019 sub titlul \u201eZilele Culturii Maghiare din Timi\u0219oara devin tot mai verzi\u201d, iar tot ce facem este pentru ca festivalul nostru s\u0103 devin\u0103 cel mai ecologic eveniment din Timi\u0219oara. Acest obiectiv nu este u\u0219or de atins, \u00eens\u0103, cu colaborarea \u00eentre arti\u0219ti, comercian\u021bi [&hellip;]<\/p>\n","protected":false},"author":1,"featured_media":108,"comment_status":"open","ping_status":"open","sticky":false,"template":"","format":"standard","meta":{"_eb_attr":"","footnotes":""},"categories":[1],"tags":[],"class_list":["post-119","post","type-post","status-publish","format-standard","has-post-thumbnail","hentry","category-uncategorized"],"_links":{"self":[{"href":"https:\/\/zilelemaghiaretm.ro\/2025\/wp-json\/wp\/v2\/posts\/119","targetHints":{"allow":["GET"]}}],"collection":[{"href":"https:\/\/zilelemaghiaretm.ro\/2025\/wp-json\/wp\/v2\/posts"}],"about":[{"href":"https:\/\/zilelemaghiaretm.ro\/2025\/wp-json\/wp\/v2\/types\/post"}],"author":[{"embeddable":true,"href":"https:\/\/zilelemaghiaretm.ro\/2025\/wp-json\/wp\/v2\/users\/1"}],"replies":[{"embeddable":true,"href":"https:\/\/zilelemaghiaretm.ro\/2025\/wp-json\/wp\/v2\/comments?post=119"}],"version-history":[{"count":1,"href":"https:\/\/zilelemaghiaretm.ro\/2025\/wp-json\/wp\/v2\/posts\/119\/revisions"}],"predecessor-version":[{"id":120,"href":"https:\/\/zilelemaghiaretm.ro\/2025\/wp-json\/wp\/v2\/posts\/119\/revisions\/120"}],"wp:featuredmedia":[{"embeddable":true,"href":"https:\/\/zilelemaghiaretm.ro\/2025\/wp-json\/wp\/v2\/media\/108"}],"wp:attachment":[{"href":"https:\/\/zilelemaghiaretm.ro\/2025\/wp-json\/wp\/v2\/media?parent=119"}],"wp:term":[{"taxonomy":"category","embeddable":true,"href":"https:\/\/zilelemaghiaretm.ro\/2025\/wp-json\/wp\/v2\/categories?post=119"},{"taxonomy":"post_tag","embeddable":true,"href":"https:\/\/zilelemaghiaretm.ro\/2025\/wp-json\/wp\/v2\/tags?post=119"}],"curies":[{"name":"wp","href":"https:\/\/api.w.org\/{rel}","templated":true}]}}